{"id":6985,"date":"2026-03-30T23:08:39","date_gmt":"2026-03-30T21:08:39","guid":{"rendered":"https:\/\/immersiumstudio.com\/blog\/la-ub-presenta-nuestra-experiencia-transrv-en-la-i-jornada-de-salud-de-las-personas-trans\/"},"modified":"2026-04-22T15:59:24","modified_gmt":"2026-04-22T13:59:24","slug":"la-ub-presenta-nuestra-experiencia-transrv-en-la-i-jornada-de-salud-de-las-personas-trans","status":"publish","type":"post","link":"https:\/\/immersiumstudio.com\/en\/blog\/la-ub-presenta-nuestra-experiencia-transrv-en-la-i-jornada-de-salud-de-las-personas-trans\/","title":{"rendered":"The UB presents our experience at the &#8220;1st Conference on the Health of Trans* People&#8221;"},"content":{"rendered":"\n<h2 class=\"wp-block-heading\">The UB presents our experience Trans*RV at the &#8220;1st Conference on thw Health of Trans* People&#8221;<\/h2>\n\n\n\n<div style=\"height:43px\" aria-hidden=\"true\" class=\"wp-block-spacer\"><\/div>\n\n\n\n<p>Last Friday, March 27, 2026, the <strong><a href=\"https:\/\/www.clinicbarcelona.org\/actividades\/i-jornada-salud-de-las-personas-trans\">first Trans* People&#8217;s Health Conference<\/a><\/strong> took place at the Hospital Cl\u00ednic in Barcelona. This conference, organized in the context of the <strong>International Transgender Day of Visibility <\/strong>(March 31), aimed to give a voice to trans* people and, more generally, to all non-cisgender people, regarding their healthcare needs.<\/p>\n\n\n\n<p>The event, promoted by the <strong>Queer Cl\u00ednic Group<\/strong>, made up of LGBTQIA+ professionals from the Hospital, with the support of the Diversity Group of the Strategic Plan and the Hospital&#8217;s Management, reaffirmed the institution&#8217;s commitment to equity and diversity, continuing to move towards more inclusive, respectful, and high-quality care.<\/p>\n\n\n\n<p><\/p>\n\n\n\n<p><\/p>\n\n\n\n<figure class=\"wp-block-image size-large\"><img loading=\"lazy\" decoding=\"async\" width=\"1024\" height=\"406\" src=\"https:\/\/immersiumstudio.com\/wp-content\/uploads\/2026\/03\/captura-de-pantalla-322-1024x406.png\" alt=\"\" class=\"wp-image-6761\" srcset=\"https:\/\/immersiumstudio.com\/wp-content\/uploads\/2026\/03\/captura-de-pantalla-322-1024x406.png 1024w, https:\/\/immersiumstudio.com\/wp-content\/uploads\/2026\/03\/captura-de-pantalla-322-300x119.png 300w, https:\/\/immersiumstudio.com\/wp-content\/uploads\/2026\/03\/captura-de-pantalla-322-768x305.png 768w, https:\/\/immersiumstudio.com\/wp-content\/uploads\/2026\/03\/captura-de-pantalla-322.png 1174w\" sizes=\"auto, (max-width: 1024px) 100vw, 1024px\" \/><\/figure>\n\n\n\n<div style=\"height:31px\" aria-hidden=\"true\" class=\"wp-block-spacer\"><\/div>\n\n\n\n<p><\/p>\n\n\n\n<p>The <a href=\"https:\/\/www.clinicbarcelona.org\/uploads\/media\/default\/0022\/05\/12320b013af84ef2df74542cca3a69ddc47bc580.pdf\">program<\/a> included the participation of researchers from the Carlos III Health Institute, who presented the results of the<strong><a href=\"https:\/\/transaludes.isciii.es\/\"> Transaludes <\/a><\/strong>study. The new Internal Guide for the Care of Trans* People was also presented, a key tool for harmonizing criteria and improving clinical support.<\/p>\n\n\n\n<p><\/p>\n\n\n\n<figure class=\"wp-block-image size-large\"><img loading=\"lazy\" decoding=\"async\" width=\"1024\" height=\"683\" src=\"https:\/\/immersiumstudio.com\/wp-content\/uploads\/2026\/03\/dsc06290-1024x683.jpg\" alt=\"\" class=\"wp-image-6764\" srcset=\"https:\/\/immersiumstudio.com\/wp-content\/uploads\/2026\/03\/dsc06290-1024x683.jpg 1024w, https:\/\/immersiumstudio.com\/wp-content\/uploads\/2026\/03\/dsc06290-300x200.jpg 300w, https:\/\/immersiumstudio.com\/wp-content\/uploads\/2026\/03\/dsc06290-768x512.jpg 768w, https:\/\/immersiumstudio.com\/wp-content\/uploads\/2026\/03\/dsc06290-1536x1024.jpg 1536w, https:\/\/immersiumstudio.com\/wp-content\/uploads\/2026\/03\/dsc06290.jpg 1920w\" sizes=\"auto, (max-width: 1024px) 100vw, 1024px\" \/><\/figure>\n\n\n\n<div style=\"height:37px\" aria-hidden=\"true\" class=\"wp-block-spacer\"><\/div>\n\n\n\n<p>The day was completed with two thematic panels: the first, with a more social focus, centered on the experiences and challenges in accessing the health system, entitled \u201c<strong>Beyond Binarism. The Impact of Gender on the Health of Trans* People<\/strong>,\u201d and the second, with a more clinical focus, aimed at sharing knowledge and good healthcare practices, \u201c<strong>Non-Normative Bodies. The Clinic at the Service of Gender Dissidence.<\/strong>\u201d<\/p>\n\n\n\n<p><\/p>\n\n\n\n<figure class=\"wp-block-image size-large\"><img loading=\"lazy\" decoding=\"async\" width=\"1024\" height=\"768\" src=\"https:\/\/immersiumstudio.com\/wp-content\/uploads\/2026\/03\/20260327-112106-1024x768.jpg\" alt=\"\" class=\"wp-image-6767\" srcset=\"https:\/\/immersiumstudio.com\/wp-content\/uploads\/2026\/03\/20260327-112106-1024x768.jpg 1024w, https:\/\/immersiumstudio.com\/wp-content\/uploads\/2026\/03\/20260327-112106-300x225.jpg 300w, https:\/\/immersiumstudio.com\/wp-content\/uploads\/2026\/03\/20260327-112106-768x576.jpg 768w, https:\/\/immersiumstudio.com\/wp-content\/uploads\/2026\/03\/20260327-112106-1536x1152.jpg 1536w, https:\/\/immersiumstudio.com\/wp-content\/uploads\/2026\/03\/20260327-112106.jpg 1920w\" sizes=\"auto, (max-width: 1024px) 100vw, 1024px\" \/><\/figure>\n\n\n\n<figure class=\"wp-block-gallery has-nested-images columns-default is-cropped wp-block-gallery-1 is-layout-flex wp-block-gallery-is-layout-flex\">\n<figure class=\"wp-block-image size-large\"><img loading=\"lazy\" decoding=\"async\" width=\"1024\" height=\"683\" data-id=\"6770\" src=\"https:\/\/immersiumstudio.com\/wp-content\/uploads\/2026\/03\/dsc06310-1024x683.jpg\" alt=\"\" class=\"wp-image-6770\" srcset=\"https:\/\/immersiumstudio.com\/wp-content\/uploads\/2026\/03\/dsc06310-1024x683.jpg 1024w, https:\/\/immersiumstudio.com\/wp-content\/uploads\/2026\/03\/dsc06310-300x200.jpg 300w, https:\/\/immersiumstudio.com\/wp-content\/uploads\/2026\/03\/dsc06310-768x512.jpg 768w, https:\/\/immersiumstudio.com\/wp-content\/uploads\/2026\/03\/dsc06310-1536x1024.jpg 1536w, https:\/\/immersiumstudio.com\/wp-content\/uploads\/2026\/03\/dsc06310.jpg 1920w\" sizes=\"auto, (max-width: 1024px) 100vw, 1024px\" \/><\/figure>\n\n\n\n<figure class=\"wp-block-image size-large\"><img loading=\"lazy\" decoding=\"async\" width=\"1024\" height=\"683\" data-id=\"6773\" src=\"https:\/\/immersiumstudio.com\/wp-content\/uploads\/2026\/03\/dsc06332-1024x683.jpg\" alt=\"\" class=\"wp-image-6773\" srcset=\"https:\/\/immersiumstudio.com\/wp-content\/uploads\/2026\/03\/dsc06332-1024x683.jpg 1024w, https:\/\/immersiumstudio.com\/wp-content\/uploads\/2026\/03\/dsc06332-300x200.jpg 300w, https:\/\/immersiumstudio.com\/wp-content\/uploads\/2026\/03\/dsc06332-768x512.jpg 768w, https:\/\/immersiumstudio.com\/wp-content\/uploads\/2026\/03\/dsc06332-1536x1024.jpg 1536w, https:\/\/immersiumstudio.com\/wp-content\/uploads\/2026\/03\/dsc06332.jpg 1920w\" sizes=\"auto, (max-width: 1024px) 100vw, 1024px\" \/><\/figure>\n<\/figure>\n\n\n\n<div style=\"height:50px\" aria-hidden=\"true\" class=\"wp-block-spacer\"><\/div>\n\n\n\n<p>During the first thematic session, led by <strong>Pepita Gim\u00e9nez Bonaf\u00e9<\/strong>, Associate Professor of the Faculty of Medicine and Health Sciences of the University of Barcelona (Bellvitge Campus), attendees were able to participate in the immersive Virtual Reality experience <strong><a href=\"https:\/\/immersiumstudio.com\/projects\/projecte-transrv\/\">&#8220;Trans* VR&#8221;<\/a><\/strong> that we developed at <strong>Immersium Studio<\/strong> for the <strong>University of Barcelona<\/strong>.<\/p>\n\n\n\n<p><\/p>\n\n\n\n<figure class=\"wp-block-gallery has-nested-images columns-default is-cropped wp-block-gallery-2 is-layout-flex wp-block-gallery-is-layout-flex\">\n<figure class=\"wp-block-image size-large\"><img loading=\"lazy\" decoding=\"async\" width=\"1024\" height=\"683\" data-id=\"4205\" src=\"https:\/\/immersiumstudio.com\/wp-content\/uploads\/2024\/07\/dsc04685-1024x683.jpg\" alt=\"\" class=\"wp-image-4205\" srcset=\"https:\/\/immersiumstudio.com\/wp-content\/uploads\/2024\/07\/dsc04685-1024x683.jpg 1024w, https:\/\/immersiumstudio.com\/wp-content\/uploads\/2024\/07\/dsc04685-300x200.jpg 300w, https:\/\/immersiumstudio.com\/wp-content\/uploads\/2024\/07\/dsc04685-768x512.jpg 768w, https:\/\/immersiumstudio.com\/wp-content\/uploads\/2024\/07\/dsc04685-1536x1024.jpg 1536w, https:\/\/immersiumstudio.com\/wp-content\/uploads\/2024\/07\/dsc04685.jpg 1920w\" sizes=\"auto, (max-width: 1024px) 100vw, 1024px\" \/><\/figure>\n\n\n\n<figure class=\"wp-block-image size-large\"><img loading=\"lazy\" decoding=\"async\" width=\"1024\" height=\"768\" data-id=\"4211\" src=\"https:\/\/immersiumstudio.com\/wp-content\/uploads\/2024\/07\/whatsapp-image-2024-06-12-at-205850-7-1024x768.jpeg\" alt=\"\" class=\"wp-image-4211\" srcset=\"https:\/\/immersiumstudio.com\/wp-content\/uploads\/2024\/07\/whatsapp-image-2024-06-12-at-205850-7-1024x768.jpeg 1024w, https:\/\/immersiumstudio.com\/wp-content\/uploads\/2024\/07\/whatsapp-image-2024-06-12-at-205850-7-300x225.jpeg 300w, https:\/\/immersiumstudio.com\/wp-content\/uploads\/2024\/07\/whatsapp-image-2024-06-12-at-205850-7-768x576.jpeg 768w, https:\/\/immersiumstudio.com\/wp-content\/uploads\/2024\/07\/whatsapp-image-2024-06-12-at-205850-7-1536x1152.jpeg 1536w, https:\/\/immersiumstudio.com\/wp-content\/uploads\/2024\/07\/whatsapp-image-2024-06-12-at-205850-7.jpeg 1600w\" sizes=\"auto, (max-width: 1024px) 100vw, 1024px\" \/><\/figure>\n<\/figure>\n\n\n\n<p>This experience allows you to live firsthand the experience of a trans person in an everyday context, with the aim of fostering empathy and understanding.<\/p>\n\n\n\n<p><\/p>\n\n\n\n<figure class=\"wp-block-gallery has-nested-images columns-default is-cropped wp-block-gallery-3 is-layout-flex wp-block-gallery-is-layout-flex\">\n<figure class=\"wp-block-image size-large\"><img loading=\"lazy\" decoding=\"async\" width=\"1024\" height=\"683\" data-id=\"6776\" src=\"https:\/\/immersiumstudio.com\/wp-content\/uploads\/2026\/03\/dsc06340-1024x683.jpg\" alt=\"\" class=\"wp-image-6776\" srcset=\"https:\/\/immersiumstudio.com\/wp-content\/uploads\/2026\/03\/dsc06340-1024x683.jpg 1024w, https:\/\/immersiumstudio.com\/wp-content\/uploads\/2026\/03\/dsc06340-300x200.jpg 300w, https:\/\/immersiumstudio.com\/wp-content\/uploads\/2026\/03\/dsc06340-768x512.jpg 768w, https:\/\/immersiumstudio.com\/wp-content\/uploads\/2026\/03\/dsc06340-1536x1024.jpg 1536w, https:\/\/immersiumstudio.com\/wp-content\/uploads\/2026\/03\/dsc06340.jpg 1920w\" sizes=\"auto, (max-width: 1024px) 100vw, 1024px\" \/><\/figure>\n\n\n\n<figure class=\"wp-block-image size-large\"><img loading=\"lazy\" decoding=\"async\" width=\"1024\" height=\"683\" data-id=\"6779\" src=\"https:\/\/immersiumstudio.com\/wp-content\/uploads\/2026\/03\/dsc06344-1024x683.jpg\" alt=\"\" class=\"wp-image-6779\" srcset=\"https:\/\/immersiumstudio.com\/wp-content\/uploads\/2026\/03\/dsc06344-1024x683.jpg 1024w, https:\/\/immersiumstudio.com\/wp-content\/uploads\/2026\/03\/dsc06344-300x200.jpg 300w, https:\/\/immersiumstudio.com\/wp-content\/uploads\/2026\/03\/dsc06344-768x512.jpg 768w, https:\/\/immersiumstudio.com\/wp-content\/uploads\/2026\/03\/dsc06344-1536x1024.jpg 1536w, https:\/\/immersiumstudio.com\/wp-content\/uploads\/2026\/03\/dsc06344.jpg 1920w\" sizes=\"auto, (max-width: 1024px) 100vw, 1024px\" \/><\/figure>\n<\/figure>\n\n\n\n<figure class=\"wp-block-gallery has-nested-images columns-default is-cropped wp-block-gallery-4 is-layout-flex wp-block-gallery-is-layout-flex\">\n<figure class=\"wp-block-image size-large\"><img loading=\"lazy\" decoding=\"async\" width=\"1024\" height=\"683\" data-id=\"6782\" src=\"https:\/\/immersiumstudio.com\/wp-content\/uploads\/2026\/03\/dsc06347-1024x683.jpg\" alt=\"\" class=\"wp-image-6782\" srcset=\"https:\/\/immersiumstudio.com\/wp-content\/uploads\/2026\/03\/dsc06347-1024x683.jpg 1024w, https:\/\/immersiumstudio.com\/wp-content\/uploads\/2026\/03\/dsc06347-300x200.jpg 300w, https:\/\/immersiumstudio.com\/wp-content\/uploads\/2026\/03\/dsc06347-768x512.jpg 768w, https:\/\/immersiumstudio.com\/wp-content\/uploads\/2026\/03\/dsc06347-1536x1024.jpg 1536w, https:\/\/immersiumstudio.com\/wp-content\/uploads\/2026\/03\/dsc06347.jpg 1920w\" sizes=\"auto, (max-width: 1024px) 100vw, 1024px\" \/><\/figure>\n\n\n\n<figure class=\"wp-block-image size-large\"><img loading=\"lazy\" decoding=\"async\" width=\"1024\" height=\"683\" data-id=\"6785\" src=\"https:\/\/immersiumstudio.com\/wp-content\/uploads\/2026\/03\/dsc06349-1024x683.jpg\" alt=\"\" class=\"wp-image-6785\" srcset=\"https:\/\/immersiumstudio.com\/wp-content\/uploads\/2026\/03\/dsc06349-1024x683.jpg 1024w, https:\/\/immersiumstudio.com\/wp-content\/uploads\/2026\/03\/dsc06349-300x200.jpg 300w, https:\/\/immersiumstudio.com\/wp-content\/uploads\/2026\/03\/dsc06349-768x512.jpg 768w, https:\/\/immersiumstudio.com\/wp-content\/uploads\/2026\/03\/dsc06349-1536x1024.jpg 1536w, https:\/\/immersiumstudio.com\/wp-content\/uploads\/2026\/03\/dsc06349.jpg 1920w\" sizes=\"auto, (max-width: 1024px) 100vw, 1024px\" \/><\/figure>\n<\/figure>\n\n\n\n<div style=\"height:41px\" aria-hidden=\"true\" class=\"wp-block-spacer\"><\/div>\n\n\n\n<p>With this event, the <strong>Hospital Cl\u00ednic of Barcelona<\/strong> reaffirms its commitment to visibility, respect and continuous improvement of care for all citizens, placing active listening as a fundamental tool to move towards a more inclusive and person-centered healthcare system.<\/p>\n\n\n\n<p><\/p>\n\n\n\n<figure class=\"wp-block-image size-large is-resized\"><img loading=\"lazy\" decoding=\"async\" width=\"1024\" height=\"683\" src=\"https:\/\/immersiumstudio.com\/wp-content\/uploads\/2026\/03\/b5a3f2f895019ad1b9de5451d00c8010dcd2a0bb-1024x683.jpg\" alt=\"\" class=\"wp-image-6791\" style=\"aspect-ratio:1.499288451012589;width:787px;height:auto\" srcset=\"https:\/\/immersiumstudio.com\/wp-content\/uploads\/2026\/03\/b5a3f2f895019ad1b9de5451d00c8010dcd2a0bb-1024x683.jpg 1024w, https:\/\/immersiumstudio.com\/wp-content\/uploads\/2026\/03\/b5a3f2f895019ad1b9de5451d00c8010dcd2a0bb-300x200.jpg 300w, https:\/\/immersiumstudio.com\/wp-content\/uploads\/2026\/03\/b5a3f2f895019ad1b9de5451d00c8010dcd2a0bb-768x512.jpg 768w, https:\/\/immersiumstudio.com\/wp-content\/uploads\/2026\/03\/b5a3f2f895019ad1b9de5451d00c8010dcd2a0bb-1536x1024.jpg 1536w, https:\/\/immersiumstudio.com\/wp-content\/uploads\/2026\/03\/b5a3f2f895019ad1b9de5451d00c8010dcd2a0bb.jpg 1920w\" sizes=\"auto, (max-width: 1024px) 100vw, 1024px\" \/><\/figure>\n\n\n\n<p><\/p>\n\n\n\n<div style=\"height:137px\" aria-hidden=\"true\" class=\"wp-block-spacer\"><\/div>\n\n\n\n<h5 class=\"wp-block-heading\">At Immersium Studio we are experts in Immersive Learning. Contact us to discover the immersive solution that best suits your needs.<\/h5>\n\n\n\n<h5 class=\"wp-block-heading\"><a href=\"mailto:info@immersiumstudio.com\">info@immersiumstudio.com<\/a><\/h5>\n\n\n\n<div style=\"height:127px\" aria-hidden=\"true\" class=\"wp-block-spacer\"><\/div>\n","protected":false},"excerpt":{"rendered":"<p>La UB presenta nuestra experiencia Trans*RV en la \u00abI Jornada de Salud de las Personas Trans*\u00bb El pasado viernes 27 de marzo de 2026 tuvo lugar la I Jornada Salud de las Personas Trans* en el Hospital Cl\u00ednic de Barcelona. Esta jornada, fue organizada en el marco del\u00a0D\u00eda Internacional de la Visibilidad Transg\u00e9nero\u00a0(31 de marzo) con el objetivo de dar voz a las personas del colectivo trans* y, en general, a todas las personas no cis, en relaci\u00f3n con sus necesidades en el \u00e1mbito de la salud. El encuentro impulsado por el Grupo Queer Cl\u00ednic, formado por profesionales LGTBIQA+ del [\u2026]<\/p>\n","protected":false},"author":4,"featured_media":6796,"comment_status":"closed","ping_status":"closed","sticky":false,"template":"","format":"standard","meta":{"_seopress_robots_primary_cat":"none","_seopress_titles_title":"","_seopress_titles_desc":"","_seopress_robots_index":"","footnotes":""},"categories":[98,99],"tags":[],"class_list":["post-6985","post","type-post","status-publish","format-standard","has-post-thumbnail","hentry","category-events","category-virtual-reality"],"_links":{"self":[{"href":"https:\/\/immersiumstudio.com\/en\/wp-json\/wp\/v2\/posts\/6985","targetHints":{"allow":["GET"]}}],"collection":[{"href":"https:\/\/immersiumstudio.com\/en\/wp-json\/wp\/v2\/posts"}],"about":[{"href":"https:\/\/immersiumstudio.com\/en\/wp-json\/wp\/v2\/types\/post"}],"author":[{"embeddable":true,"href":"https:\/\/immersiumstudio.com\/en\/wp-json\/wp\/v2\/users\/4"}],"replies":[{"embeddable":true,"href":"https:\/\/immersiumstudio.com\/en\/wp-json\/wp\/v2\/comments?post=6985"}],"version-history":[{"count":0,"href":"https:\/\/immersiumstudio.com\/en\/wp-json\/wp\/v2\/posts\/6985\/revisions"}],"wp:featuredmedia":[{"embeddable":true,"href":"https:\/\/immersiumstudio.com\/en\/wp-json\/wp\/v2\/media\/6796"}],"wp:attachment":[{"href":"https:\/\/immersiumstudio.com\/en\/wp-json\/wp\/v2\/media?parent=6985"}],"wp:term":[{"taxonomy":"category","embeddable":true,"href":"https:\/\/immersiumstudio.com\/en\/wp-json\/wp\/v2\/categories?post=6985"},{"taxonomy":"post_tag","embeddable":true,"href":"https:\/\/immersiumstudio.com\/en\/wp-json\/wp\/v2\/tags?post=6985"}],"curies":[{"name":"wp","href":"https:\/\/api.w.org\/{rel}","templated":true}]}}