{"id":6977,"date":"2026-03-20T16:52:53","date_gmt":"2026-03-20T14:52:53","guid":{"rendered":"https:\/\/immersiumstudio.com\/blog\/nuestras-formaciones-en-rv-aumentan-las-competencias-de-los-profesionales-de-la-salud\/"},"modified":"2026-04-22T15:17:46","modified_gmt":"2026-04-22T13:17:46","slug":"nuestras-formaciones-en-rv-aumentan-las-competencias-de-los-profesionales-de-la-salud","status":"publish","type":"post","link":"https:\/\/immersiumstudio.com\/en\/blog\/nuestras-formaciones-en-rv-aumentan-las-competencias-de-los-profesionales-de-la-salud\/","title":{"rendered":"Our VR training programs enhance the skills of healthcare professionals"},"content":{"rendered":"\n<p>The article \u201c<a href=\"https:\/\/www.frontiersin.org\/journals\/virtual-reality\/articles\/10.3389\/frvir.2025.1648180\/full\">Training healthcare professionals to address gender-based violence: a virtual reality-based educational intervention<\/a>,\u201d published in January 2026 in the scientific journal <a href=\"https:\/\/www.frontiersin.org\/journals\/virtual-reality\">Frontiers in Virtual Reality<\/a>, in its <em>Virtual Reality in Medicine<\/em> section, presents the results of this study, concluding that our VR experiences enhance the competencies of healthcare professionals.<\/p>\n\n\n\n<p>The article, authored by<strong> Bel\u00e9n Valverde <\/strong>(Department of Medicine and Life Sciences, Pompeu Fabra University),<strong> Marta Benet<\/strong> (Sant Joan de D\u00e9u Research Foundation), and <strong>Mar Carri\u00f3<\/strong> (Department of Optics and Optometry, Polytechnic University of Catalonia), presents quantitative studies showing a significant increase in healthcare professionals&#8217; self-perceived competence and theoretical knowledge after receiving training that includes our VR experiences.<\/p>\n\n\n\n<p><\/p>\n\n\n\n<div style=\"height:37px\" aria-hidden=\"true\" class=\"wp-block-spacer\"><\/div>\n\n\n\n<p>At Immersium Studio, we designed four <strong><a href=\"https:\/\/immersiumstudio.com\/projects\/rv-realidad-virtual-para-aprender-a-detectar-situaciones-de-violencia-de-genero\/\">VR experiences<\/a><\/strong> for Pompeu Fabra University to learn how to detect situations of gender violence: <\/p>\n\n\n\n<p><strong>Scenario 1: Psychological Violence<\/strong>. This scenario focuses on Isabel, a woman in her sixties who is the primary caregiver for her disabled daughter. She visits her primary care physician due to daytime sleepiness caused by a new insomnia medication. During the consultation, she mentions certain behaviors of her husband that lead the doctor to suspect a possible case of gender-based violence.<\/p>\n\n\n\n<p><\/p>\n\n\n\n<figure class=\"wp-block-embed is-type-video is-provider-youtube wp-block-embed-youtube wp-embed-aspect-16-9 wp-has-aspect-ratio\"><div class=\"wp-block-embed__wrapper\">\n<iframe loading=\"lazy\" title=\"Cas 1: Doctora, amb aquestes pastilles m&#039;adormo\" width=\"500\" height=\"281\" src=\"https:\/\/www.youtube.com\/embed\/LP6BqY1QeJk?feature=oembed\" frameborder=\"0\" allow=\"accelerometer; autoplay; clipboard-write; encrypted-media; gyroscope; picture-in-picture; web-share\" referrerpolicy=\"strict-origin-when-cross-origin\" allowfullscreen><\/iframe>\n<\/div><\/figure>\n\n\n\n<div style=\"height:37px\" aria-hidden=\"true\" class=\"wp-block-spacer\"><\/div>\n\n\n\n<p><strong>Scenario 2: Physical Violence During Pregnancy<\/strong>. This scenario introduces Andrea, a 27-year-old woman who visits the gynecology emergency room with vaginal bleeding one month after discovering she is pregnant. Andrea is very worried, but her partner, Miquel, downplays the incident and doesn&#8217;t allow her to speak. The doctor suspects domestic violence and tries to find an opportunity to speak with Andrea alone, but Miquel prevents it.<\/p>\n\n\n\n<p><\/p>\n\n\n\n<figure class=\"wp-block-embed is-type-video is-provider-youtube wp-block-embed-youtube wp-embed-aspect-16-9 wp-has-aspect-ratio\"><div class=\"wp-block-embed__wrapper\">\n<iframe loading=\"lazy\" title=\"Cas 2: P\u00e8rdues en l&#039;embarassada (versi\u00f3 1)\" width=\"500\" height=\"281\" src=\"https:\/\/www.youtube.com\/embed\/I1tO86T8kmg?feature=oembed\" frameborder=\"0\" allow=\"accelerometer; autoplay; clipboard-write; encrypted-media; gyroscope; picture-in-picture; web-share\" referrerpolicy=\"strict-origin-when-cross-origin\" allowfullscreen><\/iframe>\n<\/div><\/figure>\n\n\n\n<figure class=\"wp-block-embed is-type-video is-provider-youtube wp-block-embed-youtube wp-embed-aspect-16-9 wp-has-aspect-ratio\"><div class=\"wp-block-embed__wrapper\">\n<iframe loading=\"lazy\" title=\"Cas 2: P\u00e8rdues en l&#039;embarassada (versi\u00f3 2)\" width=\"500\" height=\"281\" src=\"https:\/\/www.youtube.com\/embed\/LDjDZr5_80A?feature=oembed\" frameborder=\"0\" allow=\"accelerometer; autoplay; clipboard-write; encrypted-media; gyroscope; picture-in-picture; web-share\" referrerpolicy=\"strict-origin-when-cross-origin\" allowfullscreen><\/iframe>\n<\/div><\/figure>\n\n\n\n<div style=\"height:49px\" aria-hidden=\"true\" class=\"wp-block-spacer\"><\/div>\n\n\n\n<p><strong>Scenario 3: Violence in a drug addiction context<\/strong>. This scenario presents the case of Laia, a 27-year-old patient with a history of drug addiction who is currently undergoing detoxification. She attends her follow-up appointment with the mental health nurse to discuss a problem with a new medication. However, the nurse notices suspicious marks on the patient, prompting her to investigate further.<\/p>\n\n\n\n<p><\/p>\n\n\n\n<figure class=\"wp-block-embed is-type-video is-provider-youtube wp-block-embed-youtube wp-embed-aspect-16-9 wp-has-aspect-ratio\"><div class=\"wp-block-embed__wrapper\">\n<iframe loading=\"lazy\" title=\"Cas 3: Laia, has tornat a consumir?\" width=\"500\" height=\"281\" src=\"https:\/\/www.youtube.com\/embed\/ukqdYkE4H-g?feature=oembed\" frameborder=\"0\" allow=\"accelerometer; autoplay; clipboard-write; encrypted-media; gyroscope; picture-in-picture; web-share\" referrerpolicy=\"strict-origin-when-cross-origin\" allowfullscreen><\/iframe>\n<\/div><\/figure>\n\n\n\n<div style=\"height:58px\" aria-hidden=\"true\" class=\"wp-block-spacer\"><\/div>\n\n\n\n<p><strong>Scenario 4: Vicarious violence against children<\/strong>. In this case, Marisol goes to the pediatric clinic very nervous and worried about her son Mati, who is unwell. The boy has been suffering from stomach pains since returning from spending a few days with his father. Given this situation, the pediatrician decides that it may be necessary for a social worker to intervene.<\/p>\n\n\n\n<p><\/p>\n\n\n\n<figure class=\"wp-block-embed is-type-video is-provider-youtube wp-block-embed-youtube wp-embed-aspect-16-9 wp-has-aspect-ratio\"><div class=\"wp-block-embed__wrapper\">\n<iframe loading=\"lazy\" title=\"Cas 4: Mati tiene dolor de barriga\" width=\"500\" height=\"281\" src=\"https:\/\/www.youtube.com\/embed\/IuXT2n_3dfU?feature=oembed\" frameborder=\"0\" allow=\"accelerometer; autoplay; clipboard-write; encrypted-media; gyroscope; picture-in-picture; web-share\" referrerpolicy=\"strict-origin-when-cross-origin\" allowfullscreen><\/iframe>\n<\/div><\/figure>\n\n\n\n<div style=\"height:99px\" aria-hidden=\"true\" class=\"wp-block-spacer\"><\/div>\n\n\n\n<p>In many countries, healthcare professionals are the<strong> first point of contact<\/strong> for <strong>victims of gender-based violence<\/strong>, but many cases go unidentified due to a lack of resources and training.<\/p>\n\n\n\n<p>Many healthcare professionals report that their knowledge of gender-based violence is &#8220;basic or deficient&#8221; and confess to feeling inadequately prepared to address these issues. A significant obstacle is the professionals&#8217; own deeply ingrained beliefs and cultural biases. The study found <strong>attitudes of distrust toward victims<\/strong> (for example, judging them if there is a history of drug addiction), a tendency to <strong>view violence as a private matter<\/strong>, and frustration if the patient does not follow medical advice. Furthermore, healthcare professionals admit to having difficulty managing their own emotions and separating their personal feelings from professional care during consultations.<\/p>\n\n\n\n<p>Although educational interventions exist, their effectiveness varies considerably. Much of the training remains<strong> theoretical, failing to change attitudes or develop the necessary empathy<\/strong> and practical skills. Given the emotional intensity of gender-based violence, theory alone is insufficient, and immersive and experiential learning approaches are needed.<\/p>\n\n\n\n<p>Immersive <strong>learning experiences in Virtual Reality <\/strong>allow healthcare professionals to be placed in a scenario where they will experience feelings of <strong>insecurity, helplessness, and anxiety<\/strong> in the face of the practical and emotional complexity involved. <strong>These feelings will enhance their retention of information and their interest<\/strong> in learning more about how to act if they encounter these situations in their daily work.<\/p>\n\n\n\n<div style=\"height:61px\" aria-hidden=\"true\" class=\"wp-block-spacer\"><\/div>\n\n\n\n<h3 class=\"wp-block-heading\">Art\u00edculo<\/h3>\n\n\n\n<figure class=\"wp-block-image size-full\"><img loading=\"lazy\" decoding=\"async\" width=\"967\" height=\"885\" src=\"https:\/\/immersiumstudio.com\/wp-content\/uploads\/2026\/03\/articulo-rv.png\" alt=\"\" class=\"wp-image-6584\" srcset=\"https:\/\/immersiumstudio.com\/wp-content\/uploads\/2026\/03\/articulo-rv.png 967w, https:\/\/immersiumstudio.com\/wp-content\/uploads\/2026\/03\/articulo-rv-300x275.png 300w, https:\/\/immersiumstudio.com\/wp-content\/uploads\/2026\/03\/articulo-rv-768x703.png 768w\" sizes=\"auto, (max-width: 967px) 100vw, 967px\" \/><\/figure>\n\n\n\n<p>\u201c<a href=\"https:\/\/www.frontiersin.org\/journals\/virtual-reality\/articles\/10.3389\/frvir.2025.1648180\/full\">Training healthcare professionals to address gender-based violence: a virtual reality-based educational intervention<\/a>\u201d<\/p>\n\n\n\n<div style=\"height:45px\" aria-hidden=\"true\" class=\"wp-block-spacer\"><\/div>\n\n\n\n<h3 class=\"wp-block-heading\">Study<\/h3>\n\n\n\n<p>The study evaluated 38 primary care professionals who participated in a structured training program with several steps:<\/p>\n\n\n\n<p><\/p>\n\n\n\n<ul class=\"wp-block-list\">\n<li><strong>Initial assessment (Pre-test)<\/strong>: Before starting the training, participants completed several questionnaires to record their demographic data, assess their levels of empathy (IRI index) and measure their baseline level of knowledge, perceived competence and perspectives on gender violence (PREMIS scale).<br><\/li>\n\n\n\n<li><strong>Virtual Reality (VR) Exposure<\/strong>: Participants, organized into small groups of 4 to 6 people, wore VR headsets to view immersive 360\u00b0 videos lasting between 3 and 5 minutes. In each session, two realistic clinical cases were observed: one on psychological violence and another that introduced added factors of complexity, such as pregnancy, drug addiction, or vicarious violence against children.<br><\/li>\n\n\n\n<li><strong>Debate and reflection (Debriefing)<\/strong>: After watching the videos, a guided group discussion was held. First, the healthcare professionals brainstormed to express their doubts, emotions, and the ethical dilemmas that arose from the situations they had seen. Then, the facilitator gave a brief lecture to clarify concepts and explain the correct approach to these clinical cases.<br><\/li>\n\n\n\n<li><strong>Final evaluation (Post-test)<\/strong>: At the end of the theoretical session, the professionals completed the PREMIS scale again to check if the intervention had improved their confidence and knowledge. They also answered a satisfaction questionnaire about the experience.<br><\/li>\n\n\n\n<li><strong>Qualitative data collection<\/strong>: In parallel, the facilitator took field notes throughout the session to record the emotional climate, discrepancies, and underlying tensions that arose in the group, which served to enrich and better interpret the numerical results of the surveys.<br><br><br><\/li>\n<\/ul>\n\n\n\n<p>The study concludes that immersive technologies have enormous potential for medical training, <strong>significantly improving healthcare professionals&#8217; self-perceived competence, knowledge<\/strong>, and perspectives when addressing cases of gender-based violence (GBV). VR experiences<strong> bridge the gap between theory and clinical practice<\/strong>, integrating experiential learning with highly realistic clinical dilemmas. Purely theoretical training is considered insufficient due to the complexity and emotional intensity of these situations, and VR simulations achieve practical application that fosters critical thinking and ethical reflection. VR offers professionals the opportunity to repeatedly expose themselves to highly complex cases within a safe and controlled learning environment, which helps reduce emotional stress. Experiencing situations similar to those they might encounter in their professional lives improves legal decision-making by providing prior knowledge of how to act in specific situations.<\/p>\n\n\n\n<p>Given the continued shortcomings of traditional training programs worldwide, <strong>immersive learning stands out as a highly promising approach to equipping healthcare professionals with the skills and confidence<\/strong> needed to provide comprehensive and truly gender-based violence-centered care.<\/p>\n\n\n\n<p><\/p>\n\n\n\n<p><\/p>\n\n\n\n<div style=\"height:123px\" aria-hidden=\"true\" class=\"wp-block-spacer\"><\/div>\n\n\n\n<h5 class=\"wp-block-heading\">At Immersium Studio we are experts in Immersive Learning. Contact us to discover the immersive solution that best suits your needs.<br><\/h5>\n\n\n\n<h5 class=\"wp-block-heading\"><a href=\"mailto:info@immersiumstudio.com\">info@immersiumstudio.com<\/a><\/h5>\n\n\n\n<div style=\"height:100px\" aria-hidden=\"true\" class=\"wp-block-spacer\"><\/div>\n","protected":false},"excerpt":{"rendered":"<p>En el art\u00edculo \u201cTraining healthcare professionals to address gender-based violence: a virtual reality-based educational intervention\u201d publicado este enero de 2026 en la revista cient\u00edfica Frontiers in Virtual Reality en su secci\u00f3n Virtual Reality in Medicine, se presentan los resultados de este estudio. El art\u00edculo, escrito por Bel\u00e9n Valverde (Departamento de Medicina y Ciencias de la Vida de la Universidad Pompeu Fabra), Marta Benet (Fundaci\u00f3n de Investigaci\u00f3n Sant Joan de D\u00e9u) y Mar Carri\u00f3 (Departamento de \u00d3ptica y Optometr\u00eda de la Universidad Polit\u00e9cnica de Catalu\u00f1a), presenta estudios cuantitativos que muestran un incremento significativo en la autopercepci\u00f3n de competencia y los conocimientos [\u2026]<\/p>\n","protected":false},"author":4,"featured_media":6589,"comment_status":"closed","ping_status":"closed","sticky":false,"template":"","format":"standard","meta":{"_seopress_robots_primary_cat":"none","_seopress_titles_title":"Nuestras formaciones en RV aumentan las competencias de los profesionales de la salud","_seopress_titles_desc":"La RV aumenta las competencias de los profesionales de la salud","_seopress_robots_index":"","footnotes":""},"categories":[95,99],"tags":[],"class_list":["post-6977","post","type-post","status-publish","format-standard","has-post-thumbnail","hentry","category-media-presence","category-virtual-reality"],"_links":{"self":[{"href":"https:\/\/immersiumstudio.com\/en\/wp-json\/wp\/v2\/posts\/6977","targetHints":{"allow":["GET"]}}],"collection":[{"href":"https:\/\/immersiumstudio.com\/en\/wp-json\/wp\/v2\/posts"}],"about":[{"href":"https:\/\/immersiumstudio.com\/en\/wp-json\/wp\/v2\/types\/post"}],"author":[{"embeddable":true,"href":"https:\/\/immersiumstudio.com\/en\/wp-json\/wp\/v2\/users\/4"}],"replies":[{"embeddable":true,"href":"https:\/\/immersiumstudio.com\/en\/wp-json\/wp\/v2\/comments?post=6977"}],"version-history":[{"count":0,"href":"https:\/\/immersiumstudio.com\/en\/wp-json\/wp\/v2\/posts\/6977\/revisions"}],"wp:featuredmedia":[{"embeddable":true,"href":"https:\/\/immersiumstudio.com\/en\/wp-json\/wp\/v2\/media\/6589"}],"wp:attachment":[{"href":"https:\/\/immersiumstudio.com\/en\/wp-json\/wp\/v2\/media?parent=6977"}],"wp:term":[{"taxonomy":"category","embeddable":true,"href":"https:\/\/immersiumstudio.com\/en\/wp-json\/wp\/v2\/categories?post=6977"},{"taxonomy":"post_tag","embeddable":true,"href":"https:\/\/immersiumstudio.com\/en\/wp-json\/wp\/v2\/tags?post=6977"}],"curies":[{"name":"wp","href":"https:\/\/api.w.org\/{rel}","templated":true}]}}