{"id":7430,"date":"2026-04-16T17:26:14","date_gmt":"2026-04-16T15:26:14","guid":{"rendered":"https:\/\/immersiumstudio.com\/blog\/immersium-studio-participa-en-la-feria-terrassa-tria-futur\/"},"modified":"2026-08-28T15:57:17","modified_gmt":"2026-08-28T13:57:17","slug":"immersium-studio-participa-en-la-feria-terrassa-tria-futur","status":"publish","type":"post","link":"https:\/\/immersiumstudio.com\/ca\/blog\/immersium-studio-participa-en-la-feria-terrassa-tria-futur\/","title":{"rendered":"Immersium Studio participa a la Feria Terrassa Tria Futur"},"content":{"rendered":"\n<p>Els dies 15 i 16 d&#8217;abril del 2026 es va celebrar a Terrassa la Fira d&#8217;orientaci\u00f3 professional. <strong><a href=\"https:\/\/triafutur.terrassa.cat\/es\/\">Terrassa Tria Futur <\/a><\/strong>\u00e9s una iniciativa impulsada per l&#8217;<strong><a href=\"https:\/\/www.terrassa.cat\/\">Ajuntament de Terrassa<\/a><\/strong> i <strong><a href=\"https:\/\/terrassaocupacio.cat\/es\/inicio\/\">Foment de Terrassa<\/a><\/strong> des del 2019 per oferir a la ciutadania, i en especial als estudiants de 16 o m\u00e9s anys, un espai d&#8217;orientaci\u00f3 formativa i professional per ajudar les persones a triar entre les seves opcions de futur. La marca Terrassa Tria Futur engloba la Fira d\u00b4Orientaci\u00f3 Professional i la Mostra d\u00b4Ensenyament, que se celebren cada any a la primavera.<\/p>\n\n\n\n<p><\/p>\n\n\n\n<figure class=\"wp-block-gallery has-nested-images columns-default is-cropped wp-block-gallery-1 is-layout-flex wp-block-gallery-is-layout-flex\">\n<figure class=\"wp-block-image size-large\"><img loading=\"lazy\" decoding=\"async\" width=\"500\" height=\"350\" data-id=\"6836\" src=\"https:\/\/immersiumstudio.com\/wp-content\/uploads\/2026\/04\/terrassamax-500x500-1.png\" alt=\"\" class=\"wp-image-6836\" srcset=\"https:\/\/immersiumstudio.com\/wp-content\/uploads\/2026\/04\/terrassamax-500x500-1.png 500w, https:\/\/immersiumstudio.com\/wp-content\/uploads\/2026\/04\/terrassamax-500x500-1-300x210.png 300w\" sizes=\"auto, (max-width: 500px) 100vw, 500px\" \/><\/figure>\n\n\n\n<figure class=\"wp-block-image size-large\"><img loading=\"lazy\" decoding=\"async\" width=\"1024\" height=\"512\" data-id=\"6839\" src=\"https:\/\/immersiumstudio.com\/wp-content\/uploads\/2026\/04\/imagen-horizontal-1024x512.png\" alt=\"\" class=\"wp-image-6839\" srcset=\"https:\/\/immersiumstudio.com\/wp-content\/uploads\/2026\/04\/imagen-horizontal-1024x512.png 1024w, https:\/\/immersiumstudio.com\/wp-content\/uploads\/2026\/04\/imagen-horizontal-300x150.png 300w, https:\/\/immersiumstudio.com\/wp-content\/uploads\/2026\/04\/imagen-horizontal-768x384.png 768w, https:\/\/immersiumstudio.com\/wp-content\/uploads\/2026\/04\/imagen-horizontal-1536x768.png 1536w, https:\/\/immersiumstudio.com\/wp-content\/uploads\/2026\/04\/imagen-horizontal.png 1920w\" sizes=\"auto, (max-width: 1024px) 100vw, 1024px\" \/><\/figure>\n<\/figure>\n\n\n\n<figure class=\"wp-block-image size-large\"><img loading=\"lazy\" decoding=\"async\" width=\"1024\" height=\"182\" src=\"https:\/\/immersiumstudio.com\/wp-content\/uploads\/2026\/04\/banner-fira-cast-scaled-1-1024x182.jpg\" alt=\"\" class=\"wp-image-6830\" srcset=\"https:\/\/immersiumstudio.com\/wp-content\/uploads\/2026\/04\/banner-fira-cast-scaled-1-1024x182.jpg 1024w, https:\/\/immersiumstudio.com\/wp-content\/uploads\/2026\/04\/banner-fira-cast-scaled-1-300x53.jpg 300w, https:\/\/immersiumstudio.com\/wp-content\/uploads\/2026\/04\/banner-fira-cast-scaled-1-768x136.jpg 768w, https:\/\/immersiumstudio.com\/wp-content\/uploads\/2026\/04\/banner-fira-cast-scaled-1-1536x273.jpg 1536w, https:\/\/immersiumstudio.com\/wp-content\/uploads\/2026\/04\/banner-fira-cast-scaled-1.jpg 1920w\" sizes=\"auto, (max-width: 1024px) 100vw, 1024px\" \/><\/figure>\n\n\n\n<div style=\"height:38px\" aria-hidden=\"true\" class=\"wp-block-spacer\"><\/div>\n\n\n\n<p>D&#8217;aquesta manera, Terrassa Tria Futur vol ser el lloc de refer\u00e8ncia per a l&#8217;<strong>orientaci\u00f3 formativa i professional a Terrassa<\/strong> i la comarca, per a totes aquelles persones que, a qualsevol edat, han de triar un cam\u00ed per formar-se i treballar.<\/p>\n\n\n\n<p>Des d&#8217;<strong>Immersium Studio <\/strong>hem participat amb un estand on els estudiants han pogut veure de primera m\u00e0 la formaci\u00f3 que hem desenvolupat per millorar les <strong>compet\u00e8ncies transversals<\/strong> o soft skills. Aquestes compet\u00e8ncies com el treball en equip, la resoluci\u00f3 de conflictes, la planificaci\u00f3\/organitzaci\u00f3, la comunicaci\u00f3, s\u00f3n habilitats personals que permeten treballar de manera m\u00e9s harm\u00f2nica i eficient. La <strong>Realitat Virtual <\/strong>permet treballar aquestes skills des de dins, i no pas com un simple espectador. Mitjan\u00e7ant un escenari en 360 \u00ba l&#8217;usuari se situa al centre de l&#8217;acci\u00f3 i ha de prendre decisions. \u00c9s en aquestes decisions en qu\u00e8 apr\u00e8n i ret\u00e9 coneixements d&#8217;una manera emocial que aporta quatre vegades m\u00e9s retenci\u00f3 que en veure simplement un v\u00eddeo.<\/p>\n\n\n\n<p><\/p>\n\n\n\n<p><\/p>\n\n\n\n<figure class=\"wp-block-image size-large\"><img loading=\"lazy\" decoding=\"async\" width=\"1024\" height=\"771\" src=\"https:\/\/immersiumstudio.com\/wp-content\/uploads\/2026\/04\/img-20260416-094141-1024x771.jpg\" alt=\"\" class=\"wp-image-6848\" srcset=\"https:\/\/immersiumstudio.com\/wp-content\/uploads\/2026\/04\/img-20260416-094141-1024x771.jpg 1024w, https:\/\/immersiumstudio.com\/wp-content\/uploads\/2026\/04\/img-20260416-094141-300x226.jpg 300w, https:\/\/immersiumstudio.com\/wp-content\/uploads\/2026\/04\/img-20260416-094141-768x578.jpg 768w, https:\/\/immersiumstudio.com\/wp-content\/uploads\/2026\/04\/img-20260416-094141-1536x1157.jpg 1536w, https:\/\/immersiumstudio.com\/wp-content\/uploads\/2026\/04\/img-20260416-094141.jpg 1920w\" sizes=\"auto, (max-width: 1024px) 100vw, 1024px\" \/><\/figure>\n\n\n\n<figure class=\"wp-block-gallery has-nested-images columns-default is-cropped wp-block-gallery-2 is-layout-flex wp-block-gallery-is-layout-flex\">\n<figure class=\"wp-block-image size-large\"><img loading=\"lazy\" decoding=\"async\" width=\"1024\" height=\"771\" data-id=\"6842\" src=\"https:\/\/immersiumstudio.com\/wp-content\/uploads\/2026\/04\/pxl-20260416-094801628-1024x771.jpg\" alt=\"\" class=\"wp-image-6842\" srcset=\"https:\/\/immersiumstudio.com\/wp-content\/uploads\/2026\/04\/pxl-20260416-094801628-1024x771.jpg 1024w, https:\/\/immersiumstudio.com\/wp-content\/uploads\/2026\/04\/pxl-20260416-094801628-300x226.jpg 300w, https:\/\/immersiumstudio.com\/wp-content\/uploads\/2026\/04\/pxl-20260416-094801628-768x578.jpg 768w, https:\/\/immersiumstudio.com\/wp-content\/uploads\/2026\/04\/pxl-20260416-094801628-1536x1157.jpg 1536w, https:\/\/immersiumstudio.com\/wp-content\/uploads\/2026\/04\/pxl-20260416-094801628.jpg 1920w\" sizes=\"auto, (max-width: 1024px) 100vw, 1024px\" \/><\/figure>\n\n\n\n<figure class=\"wp-block-image size-large\"><img loading=\"lazy\" decoding=\"async\" width=\"1024\" height=\"771\" data-id=\"6845\" src=\"https:\/\/immersiumstudio.com\/wp-content\/uploads\/2026\/04\/pxl-20260416-072016899-1024x771.jpg\" alt=\"\" class=\"wp-image-6845\" srcset=\"https:\/\/immersiumstudio.com\/wp-content\/uploads\/2026\/04\/pxl-20260416-072016899-1024x771.jpg 1024w, https:\/\/immersiumstudio.com\/wp-content\/uploads\/2026\/04\/pxl-20260416-072016899-300x226.jpg 300w, https:\/\/immersiumstudio.com\/wp-content\/uploads\/2026\/04\/pxl-20260416-072016899-768x578.jpg 768w, https:\/\/immersiumstudio.com\/wp-content\/uploads\/2026\/04\/pxl-20260416-072016899-1536x1157.jpg 1536w, https:\/\/immersiumstudio.com\/wp-content\/uploads\/2026\/04\/pxl-20260416-072016899.jpg 1920w\" sizes=\"auto, (max-width: 1024px) 100vw, 1024px\" \/><\/figure>\n<\/figure>\n\n\n\n<figure class=\"wp-block-gallery has-nested-images columns-default is-cropped wp-block-gallery-3 is-layout-flex wp-block-gallery-is-layout-flex\">\n<figure class=\"wp-block-image size-large\"><img loading=\"lazy\" decoding=\"async\" width=\"1024\" height=\"771\" data-id=\"6854\" src=\"https:\/\/immersiumstudio.com\/wp-content\/uploads\/2026\/04\/img-20260416-105525-1024x771.jpg\" alt=\"\" class=\"wp-image-6854\" srcset=\"https:\/\/immersiumstudio.com\/wp-content\/uploads\/2026\/04\/img-20260416-105525-1024x771.jpg 1024w, https:\/\/immersiumstudio.com\/wp-content\/uploads\/2026\/04\/img-20260416-105525-300x226.jpg 300w, https:\/\/immersiumstudio.com\/wp-content\/uploads\/2026\/04\/img-20260416-105525-768x578.jpg 768w, https:\/\/immersiumstudio.com\/wp-content\/uploads\/2026\/04\/img-20260416-105525-1536x1157.jpg 1536w, https:\/\/immersiumstudio.com\/wp-content\/uploads\/2026\/04\/img-20260416-105525.jpg 1920w\" sizes=\"auto, (max-width: 1024px) 100vw, 1024px\" \/><\/figure>\n\n\n\n<figure class=\"wp-block-image size-large\"><img loading=\"lazy\" decoding=\"async\" width=\"1024\" height=\"771\" data-id=\"6851\" src=\"https:\/\/immersiumstudio.com\/wp-content\/uploads\/2026\/04\/pxl-20260416-094503293-1024x771.jpg\" alt=\"\" class=\"wp-image-6851\" srcset=\"https:\/\/immersiumstudio.com\/wp-content\/uploads\/2026\/04\/pxl-20260416-094503293-1024x771.jpg 1024w, https:\/\/immersiumstudio.com\/wp-content\/uploads\/2026\/04\/pxl-20260416-094503293-300x226.jpg 300w, https:\/\/immersiumstudio.com\/wp-content\/uploads\/2026\/04\/pxl-20260416-094503293-768x578.jpg 768w, https:\/\/immersiumstudio.com\/wp-content\/uploads\/2026\/04\/pxl-20260416-094503293-1536x1157.jpg 1536w, https:\/\/immersiumstudio.com\/wp-content\/uploads\/2026\/04\/pxl-20260416-094503293.jpg 1920w\" sizes=\"auto, (max-width: 1024px) 100vw, 1024px\" \/><\/figure>\n<\/figure>\n\n\n\n<div style=\"height:128px\" aria-hidden=\"true\" class=\"wp-block-spacer\"><\/div>\n\n\n\n<h5 class=\"wp-block-heading\">A Immersium Studio som experts en Aprenentatge Immersiu. Contacta amb nosaltres per descobrir la soluci\u00f3 immersiva que millor s\u2019adapta a les teves necessitats.<\/h5>\n\n\n\n<h5 class=\"wp-block-heading\"><a href=\"mailto:info@immersiumstudio.com\">info@immersiumstudio.com<\/a><\/h5>\n\n\n\n<div style=\"height:164px\" aria-hidden=\"true\" class=\"wp-block-spacer\"><\/div>\n","protected":false},"excerpt":{"rendered":"<p>Los d\u00edas 15 y 16 de abril de 2026 se celebr\u00f3 en Terrassa la Feria de orientaci\u00f3n profesional. Terrassa Tria Futur es una iniciativa impulsada por el Ayuntamiento de Terrassa i Foment de Terrassa desde 2019 para ofrecer a la ciudadan\u00eda, y en especial a los estudiantes de 16 a\u00f1os o m\u00e1s, un espacio de orientaci\u00f3n formativa y profesional para ayudar a las personas a elegir entre sus opciones de futuro. La marca Terrassa Tria Futur engloba la Feria de Orientaci\u00f3n Profesional y la Mostra d\u2019Ensenyament, que se celebran cada a\u00f1o en primavera. De esta manera, Terrassa Tria Futur pretende [\u2026]<\/p>\n","protected":false},"author":4,"featured_media":6858,"comment_status":"closed","ping_status":"closed","sticky":false,"template":"","format":"standard","meta":{"_seopress_robots_primary_cat":"none","_seopress_titles_title":"","_seopress_titles_desc":"Los d\u00edas 15 y 16 de abril de 2026 se celebr\u00f3 en Terrassa la Feria de orientaci\u00f3n profesional. Terrassa Tria Futur es una iniciativa impulsada por el Ayuntamiento de Terrassa i Foment de Terrassa desde 2019 para ofrecer a la ciudadan\u00eda, y en especial a los estudiantes de 16 a\u00f1os o m\u00e1s, un espacio de orientaci\u00f3n formativa y profesional para ayudar a las personas a elegir entre sus opciones de futuro.","_seopress_robots_index":"","footnotes":""},"categories":[97,100],"tags":[],"class_list":["post-7430","post","type-post","status-publish","format-standard","has-post-thumbnail","hentry","category-esdeveniments","category-realitat-virtual"],"_links":{"self":[{"href":"https:\/\/immersiumstudio.com\/ca\/wp-json\/wp\/v2\/posts\/7430","targetHints":{"allow":["GET"]}}],"collection":[{"href":"https:\/\/immersiumstudio.com\/ca\/wp-json\/wp\/v2\/posts"}],"about":[{"href":"https:\/\/immersiumstudio.com\/ca\/wp-json\/wp\/v2\/types\/post"}],"author":[{"embeddable":true,"href":"https:\/\/immersiumstudio.com\/ca\/wp-json\/wp\/v2\/users\/4"}],"replies":[{"embeddable":true,"href":"https:\/\/immersiumstudio.com\/ca\/wp-json\/wp\/v2\/comments?post=7430"}],"version-history":[{"count":0,"href":"https:\/\/immersiumstudio.com\/ca\/wp-json\/wp\/v2\/posts\/7430\/revisions"}],"wp:featuredmedia":[{"embeddable":true,"href":"https:\/\/immersiumstudio.com\/ca\/wp-json\/wp\/v2\/media\/6858"}],"wp:attachment":[{"href":"https:\/\/immersiumstudio.com\/ca\/wp-json\/wp\/v2\/media?parent=7430"}],"wp:term":[{"taxonomy":"category","embeddable":true,"href":"https:\/\/immersiumstudio.com\/ca\/wp-json\/wp\/v2\/categories?post=7430"},{"taxonomy":"post_tag","embeddable":true,"href":"https:\/\/immersiumstudio.com\/ca\/wp-json\/wp\/v2\/tags?post=7430"}],"curies":[{"name":"wp","href":"https:\/\/api.w.org\/{rel}","templated":true}]}}