{"id":6980,"date":"2026-03-30T23:08:39","date_gmt":"2026-03-30T21:08:39","guid":{"rendered":"https:\/\/immersiumstudio.com\/blog\/la-ub-presenta-nuestra-experiencia-transrv-en-la-i-jornada-de-salud-de-las-personas-trans\/"},"modified":"2026-04-22T15:27:06","modified_gmt":"2026-04-22T13:27:06","slug":"la-ub-presenta-nuestra-experiencia-transrv-en-la-i-jornada-de-salud-de-las-personas-trans","status":"publish","type":"post","link":"https:\/\/immersiumstudio.com\/ca\/blog\/la-ub-presenta-nuestra-experiencia-transrv-en-la-i-jornada-de-salud-de-las-personas-trans\/","title":{"rendered":"La UB presenta la nnostra experi\u00e8ncia en la &#8220;I Jornada de Salut de les Persones Trans*&#8221;"},"content":{"rendered":"\n<h2 class=\"wp-block-heading\">La UB presenta la nostra experi\u00e8ncia Trans*RV en la &#8220;I Jornada de Salut de les Persones Trans*&#8221;<\/h2>\n\n\n\n<div style=\"height:43px\" aria-hidden=\"true\" class=\"wp-block-spacer\"><\/div>\n\n\n\n<p>El passat divendres 27 de mar\u00e7 de 2026 va tenir lloc la <strong><a href=\"https:\/\/www.clinicbarcelona.org\/actividades\/i-jornada-salud-de-las-personas-trans\">I Jornada Salut de les Persones Trans*<\/a><\/strong> a l&#8217;Hospital Cl\u00ednic de Barcelona. Aquesta jornada va ser organitzada en el marc del <strong>Dia Internacional de la Visibilitat Transg\u00e8nere<\/strong> (31 de mar\u00e7) amb l&#8217;objectiu de donar veu a les persones del col\u00b7lectiu trans* i, en general, a totes les persones no cis, en relaci\u00f3 amb les seves necessitats en l&#8217;\u00e0mbit de la salut.<\/p>\n\n\n\n<p>La trobada impulsada pel<strong> Grup Queer Cl\u00ednic<\/strong>, formada per professionals LGTBIQA+ de l&#8217;Hospital, amb el suport del Grup Diversitat del Pla Estrat\u00e8gic i de la Direcci\u00f3 del centre, va reafirmar aix\u00ed el comprom\u00eds institucional amb l&#8217;equitat i la diversitat, per continuar avan\u00e7ant cap a una atenci\u00f3 m\u00e9s inclusiva, respectuosa i de qualitat.<\/p>\n\n\n\n<p><\/p>\n\n\n\n<p><\/p>\n\n\n\n<figure class=\"wp-block-image size-large\"><img loading=\"lazy\" decoding=\"async\" width=\"1024\" height=\"406\" src=\"https:\/\/immersiumstudio.com\/wp-content\/uploads\/2026\/03\/captura-de-pantalla-322-1024x406.png\" alt=\"\" class=\"wp-image-6761\" srcset=\"https:\/\/immersiumstudio.com\/wp-content\/uploads\/2026\/03\/captura-de-pantalla-322-1024x406.png 1024w, https:\/\/immersiumstudio.com\/wp-content\/uploads\/2026\/03\/captura-de-pantalla-322-300x119.png 300w, https:\/\/immersiumstudio.com\/wp-content\/uploads\/2026\/03\/captura-de-pantalla-322-768x305.png 768w, https:\/\/immersiumstudio.com\/wp-content\/uploads\/2026\/03\/captura-de-pantalla-322.png 1174w\" sizes=\"auto, (max-width: 1024px) 100vw, 1024px\" \/><\/figure>\n\n\n\n<div style=\"height:31px\" aria-hidden=\"true\" class=\"wp-block-spacer\"><\/div>\n\n\n\n<p><\/p>\n\n\n\n<p>Al <a href=\"https:\/\/www.clinicbarcelona.org\/uploads\/media\/default\/0022\/05\/12320b013af84ef2df74542cca3a69ddc47bc580.pdf\">programa<\/a> s&#8217;hi va incloure la participaci\u00f3 d&#8217;investigadors de l&#8217;Institut de Salut Carles III, que van presentar els resultats de l&#8217;estudi <strong><a href=\"https:\/\/transaludes.isciii.es\/\">Transaludes<\/a><\/strong>. Tamb\u00e9 es va presentar la nova Guia interna d&#8217;atenci\u00f3 a les persones trans*, una eina clau per harmonitzar criteris i millorar l&#8217;acompanyament cl\u00ednic.<\/p>\n\n\n\n<p><\/p>\n\n\n\n<figure class=\"wp-block-image size-large\"><img loading=\"lazy\" decoding=\"async\" width=\"1024\" height=\"683\" src=\"https:\/\/immersiumstudio.com\/wp-content\/uploads\/2026\/03\/dsc06290-1024x683.jpg\" alt=\"\" class=\"wp-image-6764\" srcset=\"https:\/\/immersiumstudio.com\/wp-content\/uploads\/2026\/03\/dsc06290-1024x683.jpg 1024w, https:\/\/immersiumstudio.com\/wp-content\/uploads\/2026\/03\/dsc06290-300x200.jpg 300w, https:\/\/immersiumstudio.com\/wp-content\/uploads\/2026\/03\/dsc06290-768x512.jpg 768w, https:\/\/immersiumstudio.com\/wp-content\/uploads\/2026\/03\/dsc06290-1536x1024.jpg 1536w, https:\/\/immersiumstudio.com\/wp-content\/uploads\/2026\/03\/dsc06290.jpg 1920w\" sizes=\"auto, (max-width: 1024px) 100vw, 1024px\" \/><\/figure>\n\n\n\n<div style=\"height:37px\" aria-hidden=\"true\" class=\"wp-block-spacer\"><\/div>\n\n\n\n<p>La jornada es va completar amb dues taules tem\u00e0tiques: una primera, d&#8217;enfocament m\u00e9s social, centrada en les viv\u00e8ncies i els reptes en l&#8217;acc\u00e9s al sistema sanitari, amb el t\u00edtol &#8220;<strong>M\u00e9s enll\u00e0 del binarisme. L&#8217;impacte del g\u00e8nere sobre la salut de les persones trans*<\/strong>&#8220;, i una segona, amb una mirada m\u00e9s cl\u00ednica, orientada a compartir coneixement i bones pr\u00e0ctiques assistencials, &#8220;Cossos no normatius. La cl\u00ednica al servei de la dissid\u00e8ncia de g\u00e8nere&#8221;.<\/p>\n\n\n\n<p><\/p>\n\n\n\n<figure class=\"wp-block-image size-large\"><img loading=\"lazy\" decoding=\"async\" width=\"1024\" height=\"768\" src=\"https:\/\/immersiumstudio.com\/wp-content\/uploads\/2026\/03\/20260327-112106-1024x768.jpg\" alt=\"\" class=\"wp-image-6767\" srcset=\"https:\/\/immersiumstudio.com\/wp-content\/uploads\/2026\/03\/20260327-112106-1024x768.jpg 1024w, https:\/\/immersiumstudio.com\/wp-content\/uploads\/2026\/03\/20260327-112106-300x225.jpg 300w, https:\/\/immersiumstudio.com\/wp-content\/uploads\/2026\/03\/20260327-112106-768x576.jpg 768w, https:\/\/immersiumstudio.com\/wp-content\/uploads\/2026\/03\/20260327-112106-1536x1152.jpg 1536w, https:\/\/immersiumstudio.com\/wp-content\/uploads\/2026\/03\/20260327-112106.jpg 1920w\" sizes=\"auto, (max-width: 1024px) 100vw, 1024px\" \/><\/figure>\n\n\n\n<figure class=\"wp-block-gallery has-nested-images columns-default is-cropped wp-block-gallery-1 is-layout-flex wp-block-gallery-is-layout-flex\">\n<figure class=\"wp-block-image size-large\"><img loading=\"lazy\" decoding=\"async\" width=\"1024\" height=\"683\" data-id=\"6770\" src=\"https:\/\/immersiumstudio.com\/wp-content\/uploads\/2026\/03\/dsc06310-1024x683.jpg\" alt=\"\" class=\"wp-image-6770\" srcset=\"https:\/\/immersiumstudio.com\/wp-content\/uploads\/2026\/03\/dsc06310-1024x683.jpg 1024w, https:\/\/immersiumstudio.com\/wp-content\/uploads\/2026\/03\/dsc06310-300x200.jpg 300w, https:\/\/immersiumstudio.com\/wp-content\/uploads\/2026\/03\/dsc06310-768x512.jpg 768w, https:\/\/immersiumstudio.com\/wp-content\/uploads\/2026\/03\/dsc06310-1536x1024.jpg 1536w, https:\/\/immersiumstudio.com\/wp-content\/uploads\/2026\/03\/dsc06310.jpg 1920w\" sizes=\"auto, (max-width: 1024px) 100vw, 1024px\" \/><\/figure>\n\n\n\n<figure class=\"wp-block-image size-large\"><img loading=\"lazy\" decoding=\"async\" width=\"1024\" height=\"683\" data-id=\"6773\" src=\"https:\/\/immersiumstudio.com\/wp-content\/uploads\/2026\/03\/dsc06332-1024x683.jpg\" alt=\"\" class=\"wp-image-6773\" srcset=\"https:\/\/immersiumstudio.com\/wp-content\/uploads\/2026\/03\/dsc06332-1024x683.jpg 1024w, https:\/\/immersiumstudio.com\/wp-content\/uploads\/2026\/03\/dsc06332-300x200.jpg 300w, https:\/\/immersiumstudio.com\/wp-content\/uploads\/2026\/03\/dsc06332-768x512.jpg 768w, https:\/\/immersiumstudio.com\/wp-content\/uploads\/2026\/03\/dsc06332-1536x1024.jpg 1536w, https:\/\/immersiumstudio.com\/wp-content\/uploads\/2026\/03\/dsc06332.jpg 1920w\" sizes=\"auto, (max-width: 1024px) 100vw, 1024px\" \/><\/figure>\n<\/figure>\n\n\n\n<div style=\"height:50px\" aria-hidden=\"true\" class=\"wp-block-spacer\"><\/div>\n\n\n\n<p>Dins de la primera taula tem\u00e0tica, liderada per <strong>Pepita Gim\u00e9nez Bonaf\u00e9<\/strong>, Professora agregada de la Facultat de Medicina i Ci\u00e8ncies de la Salut de la Universitat de Barcelona (Campus Bellvitge), les persones assistents van poder participar en l&#8217;experi\u00e8ncia immersiva de Realitat Virtual \u201c<strong><a href=\"https:\/\/immersiumstudio.com\/projects\/projecte-transrv\/\">Trans* RV<\/a><\/strong>\u201d que vam desenvolupar a <strong>Immersium Studio<\/strong> per a la <strong>Universitat de Barcelona<\/strong>.<\/p>\n\n\n\n<p><\/p>\n\n\n\n<figure class=\"wp-block-gallery has-nested-images columns-default is-cropped wp-block-gallery-2 is-layout-flex wp-block-gallery-is-layout-flex\">\n<figure class=\"wp-block-image size-large\"><img loading=\"lazy\" decoding=\"async\" width=\"1024\" height=\"683\" data-id=\"4205\" src=\"https:\/\/immersiumstudio.com\/wp-content\/uploads\/2024\/07\/dsc04685-1024x683.jpg\" alt=\"\" class=\"wp-image-4205\" srcset=\"https:\/\/immersiumstudio.com\/wp-content\/uploads\/2024\/07\/dsc04685-1024x683.jpg 1024w, https:\/\/immersiumstudio.com\/wp-content\/uploads\/2024\/07\/dsc04685-300x200.jpg 300w, https:\/\/immersiumstudio.com\/wp-content\/uploads\/2024\/07\/dsc04685-768x512.jpg 768w, https:\/\/immersiumstudio.com\/wp-content\/uploads\/2024\/07\/dsc04685-1536x1024.jpg 1536w, https:\/\/immersiumstudio.com\/wp-content\/uploads\/2024\/07\/dsc04685.jpg 1920w\" sizes=\"auto, (max-width: 1024px) 100vw, 1024px\" \/><\/figure>\n\n\n\n<figure class=\"wp-block-image size-large\"><img loading=\"lazy\" decoding=\"async\" width=\"1024\" height=\"768\" data-id=\"4211\" src=\"https:\/\/immersiumstudio.com\/wp-content\/uploads\/2024\/07\/whatsapp-image-2024-06-12-at-205850-7-1024x768.jpeg\" alt=\"\" class=\"wp-image-4211\" srcset=\"https:\/\/immersiumstudio.com\/wp-content\/uploads\/2024\/07\/whatsapp-image-2024-06-12-at-205850-7-1024x768.jpeg 1024w, https:\/\/immersiumstudio.com\/wp-content\/uploads\/2024\/07\/whatsapp-image-2024-06-12-at-205850-7-300x225.jpeg 300w, https:\/\/immersiumstudio.com\/wp-content\/uploads\/2024\/07\/whatsapp-image-2024-06-12-at-205850-7-768x576.jpeg 768w, https:\/\/immersiumstudio.com\/wp-content\/uploads\/2024\/07\/whatsapp-image-2024-06-12-at-205850-7-1536x1152.jpeg 1536w, https:\/\/immersiumstudio.com\/wp-content\/uploads\/2024\/07\/whatsapp-image-2024-06-12-at-205850-7.jpeg 1600w\" sizes=\"auto, (max-width: 1024px) 100vw, 1024px\" \/><\/figure>\n<\/figure>\n\n\n\n<p>Aquesta experi\u00e8ncia permet viure en primera persona l&#8217;experi\u00e8ncia d\u201funa persona trans en un context de quotidianitat, amb l&#8217;objectiu de fomentar l&#8217;empatia i la comprensi\u00f3.<\/p>\n\n\n\n<p><\/p>\n\n\n\n<figure class=\"wp-block-gallery has-nested-images columns-default is-cropped wp-block-gallery-3 is-layout-flex wp-block-gallery-is-layout-flex\">\n<figure class=\"wp-block-image size-large\"><img loading=\"lazy\" decoding=\"async\" width=\"1024\" height=\"683\" data-id=\"6776\" src=\"https:\/\/immersiumstudio.com\/wp-content\/uploads\/2026\/03\/dsc06340-1024x683.jpg\" alt=\"\" class=\"wp-image-6776\" srcset=\"https:\/\/immersiumstudio.com\/wp-content\/uploads\/2026\/03\/dsc06340-1024x683.jpg 1024w, https:\/\/immersiumstudio.com\/wp-content\/uploads\/2026\/03\/dsc06340-300x200.jpg 300w, https:\/\/immersiumstudio.com\/wp-content\/uploads\/2026\/03\/dsc06340-768x512.jpg 768w, https:\/\/immersiumstudio.com\/wp-content\/uploads\/2026\/03\/dsc06340-1536x1024.jpg 1536w, https:\/\/immersiumstudio.com\/wp-content\/uploads\/2026\/03\/dsc06340.jpg 1920w\" sizes=\"auto, (max-width: 1024px) 100vw, 1024px\" \/><\/figure>\n\n\n\n<figure class=\"wp-block-image size-large\"><img loading=\"lazy\" decoding=\"async\" width=\"1024\" height=\"683\" data-id=\"6779\" src=\"https:\/\/immersiumstudio.com\/wp-content\/uploads\/2026\/03\/dsc06344-1024x683.jpg\" alt=\"\" class=\"wp-image-6779\" srcset=\"https:\/\/immersiumstudio.com\/wp-content\/uploads\/2026\/03\/dsc06344-1024x683.jpg 1024w, https:\/\/immersiumstudio.com\/wp-content\/uploads\/2026\/03\/dsc06344-300x200.jpg 300w, https:\/\/immersiumstudio.com\/wp-content\/uploads\/2026\/03\/dsc06344-768x512.jpg 768w, https:\/\/immersiumstudio.com\/wp-content\/uploads\/2026\/03\/dsc06344-1536x1024.jpg 1536w, https:\/\/immersiumstudio.com\/wp-content\/uploads\/2026\/03\/dsc06344.jpg 1920w\" sizes=\"auto, (max-width: 1024px) 100vw, 1024px\" \/><\/figure>\n<\/figure>\n\n\n\n<figure class=\"wp-block-gallery has-nested-images columns-default is-cropped wp-block-gallery-4 is-layout-flex wp-block-gallery-is-layout-flex\">\n<figure class=\"wp-block-image size-large\"><img loading=\"lazy\" decoding=\"async\" width=\"1024\" height=\"683\" data-id=\"6782\" src=\"https:\/\/immersiumstudio.com\/wp-content\/uploads\/2026\/03\/dsc06347-1024x683.jpg\" alt=\"\" class=\"wp-image-6782\" srcset=\"https:\/\/immersiumstudio.com\/wp-content\/uploads\/2026\/03\/dsc06347-1024x683.jpg 1024w, https:\/\/immersiumstudio.com\/wp-content\/uploads\/2026\/03\/dsc06347-300x200.jpg 300w, https:\/\/immersiumstudio.com\/wp-content\/uploads\/2026\/03\/dsc06347-768x512.jpg 768w, https:\/\/immersiumstudio.com\/wp-content\/uploads\/2026\/03\/dsc06347-1536x1024.jpg 1536w, https:\/\/immersiumstudio.com\/wp-content\/uploads\/2026\/03\/dsc06347.jpg 1920w\" sizes=\"auto, (max-width: 1024px) 100vw, 1024px\" \/><\/figure>\n\n\n\n<figure class=\"wp-block-image size-large\"><img loading=\"lazy\" decoding=\"async\" width=\"1024\" height=\"683\" data-id=\"6785\" src=\"https:\/\/immersiumstudio.com\/wp-content\/uploads\/2026\/03\/dsc06349-1024x683.jpg\" alt=\"\" class=\"wp-image-6785\" srcset=\"https:\/\/immersiumstudio.com\/wp-content\/uploads\/2026\/03\/dsc06349-1024x683.jpg 1024w, https:\/\/immersiumstudio.com\/wp-content\/uploads\/2026\/03\/dsc06349-300x200.jpg 300w, https:\/\/immersiumstudio.com\/wp-content\/uploads\/2026\/03\/dsc06349-768x512.jpg 768w, https:\/\/immersiumstudio.com\/wp-content\/uploads\/2026\/03\/dsc06349-1536x1024.jpg 1536w, https:\/\/immersiumstudio.com\/wp-content\/uploads\/2026\/03\/dsc06349.jpg 1920w\" sizes=\"auto, (max-width: 1024px) 100vw, 1024px\" \/><\/figure>\n<\/figure>\n\n\n\n<div style=\"height:41px\" aria-hidden=\"true\" class=\"wp-block-spacer\"><\/div>\n\n\n\n<p>Amb aquesta jornada, l&#8217;<strong>Hospital Cl\u00ednic de Barcelona<\/strong> reafirma el comprom\u00eds amb la visibilitat, el respecte i la millora cont\u00ednua de l&#8217;atenci\u00f3 a tota la ciutadania, situant l&#8217;escolta activa com a eina fonamental per avan\u00e7ar cap a una sanitat m\u00e9s inclusiva i centrada en la persona.<\/p>\n\n\n\n<p><\/p>\n\n\n\n<figure class=\"wp-block-image size-large is-resized\"><img loading=\"lazy\" decoding=\"async\" width=\"1024\" height=\"683\" src=\"https:\/\/immersiumstudio.com\/wp-content\/uploads\/2026\/03\/b5a3f2f895019ad1b9de5451d00c8010dcd2a0bb-1024x683.jpg\" alt=\"\" class=\"wp-image-6791\" style=\"aspect-ratio:1.499288451012589;width:787px;height:auto\" srcset=\"https:\/\/immersiumstudio.com\/wp-content\/uploads\/2026\/03\/b5a3f2f895019ad1b9de5451d00c8010dcd2a0bb-1024x683.jpg 1024w, https:\/\/immersiumstudio.com\/wp-content\/uploads\/2026\/03\/b5a3f2f895019ad1b9de5451d00c8010dcd2a0bb-300x200.jpg 300w, https:\/\/immersiumstudio.com\/wp-content\/uploads\/2026\/03\/b5a3f2f895019ad1b9de5451d00c8010dcd2a0bb-768x512.jpg 768w, https:\/\/immersiumstudio.com\/wp-content\/uploads\/2026\/03\/b5a3f2f895019ad1b9de5451d00c8010dcd2a0bb-1536x1024.jpg 1536w, https:\/\/immersiumstudio.com\/wp-content\/uploads\/2026\/03\/b5a3f2f895019ad1b9de5451d00c8010dcd2a0bb.jpg 1920w\" sizes=\"auto, (max-width: 1024px) 100vw, 1024px\" \/><\/figure>\n\n\n\n<p><\/p>\n\n\n\n<div style=\"height:137px\" aria-hidden=\"true\" class=\"wp-block-spacer\"><\/div>\n\n\n\n<h5 class=\"wp-block-heading\">A Immersium Studio som experts en Aprenentatge Immersiu. Contacta amb nosaltres per descobrir la soluci\u00f3 immersiva que millor s\u2019adapta a les teves necessitats.<\/h5>\n\n\n\n<h5 class=\"wp-block-heading\"><a href=\"mailto:info@immersiumstudio.com\">info@immersiumstudio.com<\/a><\/h5>\n\n\n\n<div style=\"height:127px\" aria-hidden=\"true\" class=\"wp-block-spacer\"><\/div>\n","protected":false},"excerpt":{"rendered":"<p>La UB presenta nuestra experiencia Trans*RV en la \u00abI Jornada de Salud de las Personas Trans*\u00bb El pasado viernes 27 de marzo de 2026 tuvo lugar la I Jornada Salud de las Personas Trans* en el Hospital Cl\u00ednic de Barcelona. Esta jornada, fue organizada en el marco del\u00a0D\u00eda Internacional de la Visibilidad Transg\u00e9nero\u00a0(31 de marzo) con el objetivo de dar voz a las personas del colectivo trans* y, en general, a todas las personas no cis, en relaci\u00f3n con sus necesidades en el \u00e1mbito de la salud. El encuentro impulsado por el Grupo Queer Cl\u00ednic, formado por profesionales LGTBIQA+ del [\u2026]<\/p>\n","protected":false},"author":4,"featured_media":6795,"comment_status":"closed","ping_status":"closed","sticky":false,"template":"","format":"standard","meta":{"_seopress_robots_primary_cat":"none","_seopress_titles_title":"","_seopress_titles_desc":"","_seopress_robots_index":"","footnotes":""},"categories":[97,100],"tags":[],"class_list":["post-6980","post","type-post","status-publish","format-standard","has-post-thumbnail","hentry","category-esdeveniments","category-realitat-virtual"],"_links":{"self":[{"href":"https:\/\/immersiumstudio.com\/ca\/wp-json\/wp\/v2\/posts\/6980","targetHints":{"allow":["GET"]}}],"collection":[{"href":"https:\/\/immersiumstudio.com\/ca\/wp-json\/wp\/v2\/posts"}],"about":[{"href":"https:\/\/immersiumstudio.com\/ca\/wp-json\/wp\/v2\/types\/post"}],"author":[{"embeddable":true,"href":"https:\/\/immersiumstudio.com\/ca\/wp-json\/wp\/v2\/users\/4"}],"replies":[{"embeddable":true,"href":"https:\/\/immersiumstudio.com\/ca\/wp-json\/wp\/v2\/comments?post=6980"}],"version-history":[{"count":0,"href":"https:\/\/immersiumstudio.com\/ca\/wp-json\/wp\/v2\/posts\/6980\/revisions"}],"wp:featuredmedia":[{"embeddable":true,"href":"https:\/\/immersiumstudio.com\/ca\/wp-json\/wp\/v2\/media\/6795"}],"wp:attachment":[{"href":"https:\/\/immersiumstudio.com\/ca\/wp-json\/wp\/v2\/media?parent=6980"}],"wp:term":[{"taxonomy":"category","embeddable":true,"href":"https:\/\/immersiumstudio.com\/ca\/wp-json\/wp\/v2\/categories?post=6980"},{"taxonomy":"post_tag","embeddable":true,"href":"https:\/\/immersiumstudio.com\/ca\/wp-json\/wp\/v2\/tags?post=6980"}],"curies":[{"name":"wp","href":"https:\/\/api.w.org\/{rel}","templated":true}]}}