{"id":5152,"date":"2025-01-25T14:01:16","date_gmt":"2025-01-25T12:01:16","guid":{"rendered":"https:\/\/immersiumstudio.com\/blog\/immersium-studio-se-internacionaliza\/"},"modified":"2025-02-26T12:23:46","modified_gmt":"2025-02-26T10:23:46","slug":"immersium-studio-se-internacionaliza","status":"publish","type":"post","link":"https:\/\/immersiumstudio.com\/ca\/blog\/immersium-studio-se-internacionaliza\/","title":{"rendered":"Immersium Studio s&#8217;internacionalitza!"},"content":{"rendered":"\n<p>Aquest passat mes de novembre del 2024, el nostre CEO, Luis Villarejo ha realitzat el nostre primer viatge a <strong>Col\u00f2mbia<\/strong>, com a part del nostre <strong>proc\u00e9s d&#8217;Internacionalitzaci\u00f3<\/strong>.<\/p>\n\n\n\n<p><a href=\"https:\/\/immersiumstudio.com\/ca\/blog\/immersium-studio-ha-sido-seleccionada-para-el-programa-icex-next\/\">Immersium Studio va entrar al programa ICEX Next<\/a> al maig de 2024, sent seleccionada entre les 150 empreses que van obtenir millor puntaci\u00f3. El Programa ICEX Next ajuda les empreses a desenvolupar o contrastar la seva estrat\u00e8gia d&#8217;internacionalitzaci\u00f3, analitzant les millors destinacions per al seu producte o servei i recolzant-les amb un Pla Estrat\u00e8gic de Negoci Internacional Offline i Online, enfocat als mercats exteriors seleccionats.<\/p>\n\n\n\n<p><\/p>\n\n\n\n<p>Aquest pla estrat\u00e8gic ha comen\u00e7at amb una visita a <strong>Col\u00f2mbia<\/strong>, emmarcada dins del projecte <strong>Transformando Emociones<\/strong>, continuant amb visites a la<strong> seu de l&#8217;ICEX<\/strong> i de la <strong>UOC<\/strong> a <strong>Bogot\u00e0<\/strong>. Finalment, hem participat al <strong>Bett Show<\/strong> a Londres, amb un estand dins del pavell\u00f3 de l&#8217;ICEX.<\/p>\n\n\n\n<div style=\"height:27px\" aria-hidden=\"true\" class=\"wp-block-spacer\"><\/div>\n\n\n\n<h2 class=\"wp-block-heading\">Transformant Emocions<\/h2>\n\n\n\n<p>El projecte &#8220;<strong><a href=\"https:\/\/immersiumstudio.com\/blog\/presentacion-del-proyecto-transformando-emociones\/\">Transformando Emociones<\/a><\/strong>&#8221; \u00e9s un esfor\u00e7 multidisciplinari per aportar solucions al problema de la salut mental en els joves a nivell mundial. El mes de novembre de 2024 vam tenir el plaer de participar com a socis estrat\u00e8gics en la presentaci\u00f3 d&#8217;aquest projecte a Bogot\u00e0, en el qual treballarem per <strong>refor\u00e7ar la resili\u00e8ncia i la gesti\u00f3 emocional<\/strong> dels joves a trav\u00e9s de <strong>formaci\u00f3 immersiva en Realitat Virtual<\/strong>.<\/p>\n\n\n\n<figure class=\"wp-block-image size-large\"><img loading=\"lazy\" decoding=\"async\" width=\"1024\" height=\"768\" src=\"https:\/\/immersiumstudio.com\/wp-content\/uploads\/2025\/01\/img-20241123-212943-1024x768.jpg\" alt=\"\" class=\"wp-image-4770\" srcset=\"https:\/\/immersiumstudio.com\/wp-content\/uploads\/2025\/01\/img-20241123-212943-1024x768.jpg 1024w, https:\/\/immersiumstudio.com\/wp-content\/uploads\/2025\/01\/img-20241123-212943-300x225.jpg 300w, https:\/\/immersiumstudio.com\/wp-content\/uploads\/2025\/01\/img-20241123-212943-768x576.jpg 768w, https:\/\/immersiumstudio.com\/wp-content\/uploads\/2025\/01\/img-20241123-212943-1536x1152.jpg 1536w, https:\/\/immersiumstudio.com\/wp-content\/uploads\/2025\/01\/img-20241123-212943.jpg 1920w\" sizes=\"auto, (max-width: 1024px) 100vw, 1024px\" \/><\/figure>\n\n\n\n<div style=\"height:54px\" aria-hidden=\"true\" class=\"wp-block-spacer\"><\/div>\n\n\n\n<h2 class=\"wp-block-heading\">ICEX<\/h2>\n\n\n\n<p><a href=\"https:\/\/www.icex.es\/\">ICEX<\/a> Espanya Exportaci\u00f3 i Inversions \u00e9s una <strong>entitat p\u00fablica<\/strong> empresarial d&#8217;\u00e0mbit nacional que t\u00e9 com a missi\u00f3 <strong>promoure la internacionalitzaci\u00f3 de les empreses espanyoles<\/strong> i la promoci\u00f3 de la inversi\u00f3 estrangera. A <a href=\"https:\/\/immersiumstudio.com\/ca\/blog\/immersium-studio-ha-sido-seleccionada-para-el-programa-icex-next\/\">Immersium Studio vam entrar al programa ICEX Next<\/a> el maig del 2024. Aquest acompanyament ha constat d&#8217;un <strong>assessorament especialitzat<\/strong> i un seguiment del nostre proc\u00e9s d&#8217;internacionalitzaci\u00f3. En aquest primer viatge d&#8217;Internacionalitzaci\u00f3 hem fet un viatge a Col\u00f2mbia i hem visitat la <strong>seu d&#8217;ICEX a Bogot\u00e0<\/strong>.<\/p>\n\n\n\n<figure class=\"wp-block-gallery has-nested-images columns-default is-cropped wp-block-gallery-1 is-layout-flex wp-block-gallery-is-layout-flex\">\n<figure class=\"wp-block-image size-large\"><img loading=\"lazy\" decoding=\"async\" width=\"1024\" height=\"768\" data-id=\"4788\" src=\"https:\/\/immersiumstudio.com\/wp-content\/uploads\/2025\/01\/img-20241122-133754-1024x768.jpg\" alt=\"\" class=\"wp-image-4788\" srcset=\"https:\/\/immersiumstudio.com\/wp-content\/uploads\/2025\/01\/img-20241122-133754-1024x768.jpg 1024w, https:\/\/immersiumstudio.com\/wp-content\/uploads\/2025\/01\/img-20241122-133754-300x225.jpg 300w, https:\/\/immersiumstudio.com\/wp-content\/uploads\/2025\/01\/img-20241122-133754-768x576.jpg 768w, https:\/\/immersiumstudio.com\/wp-content\/uploads\/2025\/01\/img-20241122-133754-1536x1152.jpg 1536w, https:\/\/immersiumstudio.com\/wp-content\/uploads\/2025\/01\/img-20241122-133754.jpg 1920w\" sizes=\"auto, (max-width: 1024px) 100vw, 1024px\" \/><\/figure>\n\n\n\n<figure class=\"wp-block-image size-large\"><img loading=\"lazy\" decoding=\"async\" width=\"1024\" height=\"768\" data-id=\"4791\" src=\"https:\/\/immersiumstudio.com\/wp-content\/uploads\/2025\/01\/img-20241122-122612-1024x768.jpg\" alt=\"\" class=\"wp-image-4791\" srcset=\"https:\/\/immersiumstudio.com\/wp-content\/uploads\/2025\/01\/img-20241122-122612-1024x768.jpg 1024w, https:\/\/immersiumstudio.com\/wp-content\/uploads\/2025\/01\/img-20241122-122612-300x225.jpg 300w, https:\/\/immersiumstudio.com\/wp-content\/uploads\/2025\/01\/img-20241122-122612-768x576.jpg 768w, https:\/\/immersiumstudio.com\/wp-content\/uploads\/2025\/01\/img-20241122-122612-1536x1152.jpg 1536w, https:\/\/immersiumstudio.com\/wp-content\/uploads\/2025\/01\/img-20241122-122612.jpg 1920w\" sizes=\"auto, (max-width: 1024px) 100vw, 1024px\" \/><\/figure>\n<\/figure>\n\n\n\n<div style=\"height:54px\" aria-hidden=\"true\" class=\"wp-block-spacer\"><\/div>\n\n\n\n<h2 class=\"wp-block-heading\">UOC<\/h2>\n\n\n\n<p>La <a href=\"https:\/\/www.uoc.edu\/es\">Universitat Oberta de Catalunya <\/a>\u00e9s una universitat pionera en <strong><em>e-learning<\/em><\/strong>. Usen una metodologia \u00fanica, innovadora i avalada per governs, secretaries d&#8217;educaci\u00f3 i institucions educatives de tot el m\u00f3n. Tenen una doc\u00e8ncia 100% online des del 1995. A Immersium Studio tenim una relaci\u00f3 molt estreta amb ells, ja que nosaltres som un spinoff de la UOC. Els fundadors d&#8217;Immersium van estar m\u00e9s de 15 anys treballant amb tecnologies immersives dins de la UOC.<\/p>\n\n\n\n<p>Al nostre viatge a Col\u00f2mbia estem molt contents d&#8217;haver pogut visitar la <strong>seu de la UOC a Bogot\u00e0 per a Am\u00e8rica Llatina<\/strong>, ja que \u00e9s una de les ciutats amb m\u00e9s projecci\u00f3 internacional. Vam tenir el plaer de reunir-nos amb <strong>Helena Loaiza<\/strong>, representant de Premsa i comunicacions a Am\u00e8rica Llatina, i Periodista amb especialitzaci\u00f3 de Ger\u00e8ncia en Tecnologies de la Informaci\u00f3 per la Universitat Externat de Col\u00f2mbia. Tamb\u00e9 coordina les accions comunicatives i de m\u00e0rqueting de la UOC a Am\u00e8rica Llatina. Estem conven\u00e7uts que l&#8217;ajuda de la UOC en aquest <strong>proc\u00e9s d\u201finternacionalitzaci\u00f3<\/strong> ser\u00e0 inestimable i ens proporcionar\u00e0 possibilitats de col\u00b7laboraci\u00f3 en un entorn d\u201faprenentatge immersiu.<\/p>\n\n\n\n<figure class=\"wp-block-image size-large is-resized\"><img loading=\"lazy\" decoding=\"async\" src=\"https:\/\/immersiumstudio.com\/wp-content\/uploads\/2025\/01\/sedeuocbogota-helena-y-luis-768x1024.jpeg\" alt=\"\" class=\"wp-image-4794\" width=\"505\" height=\"673\" srcset=\"https:\/\/immersiumstudio.com\/wp-content\/uploads\/2025\/01\/sedeuocbogota-helena-y-luis-768x1024.jpeg 768w, https:\/\/immersiumstudio.com\/wp-content\/uploads\/2025\/01\/sedeuocbogota-helena-y-luis-225x300.jpeg 225w, https:\/\/immersiumstudio.com\/wp-content\/uploads\/2025\/01\/sedeuocbogota-helena-y-luis-1152x1536.jpeg 1152w, https:\/\/immersiumstudio.com\/wp-content\/uploads\/2025\/01\/sedeuocbogota-helena-y-luis.jpeg 1440w\" sizes=\"auto, (max-width: 505px) 100vw, 505px\" \/><\/figure>\n\n\n\n<p><\/p>\n\n\n\n<div style=\"height:52px\" aria-hidden=\"true\" class=\"wp-block-spacer\"><\/div>\n\n\n\n<h2 class=\"wp-block-heading\">Bett Show<\/h2>\n\n\n\n<p>Com a segon viatge en el nostre proc\u00e9s d&#8217;internacionalitzaci\u00f3, hem participat amb un stand al <strong><a href=\"https:\/\/uk.bettshow.com\/\">Bett Show 2025<\/a><\/strong> al pavell\u00f3 d&#8217;ICEX. El Bett Show \u00e9s una comunitat d&#8217;educadors, estudiants, formuladors de pol\u00edtiques i prove\u00efdors de solucions, amb la intenci\u00f3 de transformar l&#8217;educaci\u00f3 mitjan\u00e7ant l\u00fas de la tecnologia.<\/p>\n\n\n\n<figure class=\"wp-block-image size-large is-resized\"><img loading=\"lazy\" decoding=\"async\" src=\"https:\/\/immersiumstudio.com\/wp-content\/uploads\/2025\/01\/bett-show-1024x865.jpeg\" alt=\"\" class=\"wp-image-4762\" width=\"630\" height=\"531\" srcset=\"https:\/\/immersiumstudio.com\/wp-content\/uploads\/2025\/01\/bett-show-1024x865.jpeg 1024w, https:\/\/immersiumstudio.com\/wp-content\/uploads\/2025\/01\/bett-show-300x253.jpeg 300w, https:\/\/immersiumstudio.com\/wp-content\/uploads\/2025\/01\/bett-show-768x649.jpeg 768w, https:\/\/immersiumstudio.com\/wp-content\/uploads\/2025\/01\/bett-show-1536x1298.jpeg 1536w, https:\/\/immersiumstudio.com\/wp-content\/uploads\/2025\/01\/bett-show.jpeg 1920w\" sizes=\"auto, (max-width: 630px) 100vw, 630px\" \/><\/figure>\n\n\n\n<p>El Bett Show s&#8217;ha celebrat a Londres els dies 22, 23 i 24 de gener de 2025 a l&#8217;ExCel London. Hem tingut l&#8217;oportunitat de participar amb un stand dins del pavell\u00f3 d&#8217;ICEX. Aix\u00f2 ens ha perm\u00e8s con\u00e8ixer possibles nous clients i inversors, i explorar noves col\u00b7laboracions tant amb empreses com amb institucions educatives.<\/p>\n\n\n\n<div style=\"height:146px\" aria-hidden=\"true\" class=\"wp-block-spacer\"><\/div>\n\n\n\n<h5 class=\"wp-block-heading\">A Immersium Studio som experts en Aprenentatge Immersiu. Contacta amb nosaltres per descobrir la soluci\u00f3 immersiva que millor s\u2019adapta a les teves necessitats.<\/h5>\n\n\n\n<h5 class=\"wp-block-heading\"><a href=\"mailto:info@immersiumstudio.com\">info@immersiumstudio.com<\/a><\/h5>\n\n\n\n<div style=\"height:171px\" aria-hidden=\"true\" class=\"wp-block-spacer\"><\/div>\n","protected":false},"excerpt":{"rendered":"<p>Este pasado mes de Noviembre de 2024, nuestro CEO, Luis Villarejo ha realizado nuestro primer viaje a Colombia, como parte de nuestro proceso de Internacionalizaci\u00f3n.<\/p>\n","protected":false},"author":4,"featured_media":4798,"comment_status":"closed","ping_status":"closed","sticky":false,"template":"","format":"standard","meta":{"_seopress_robots_primary_cat":"none","_seopress_titles_title":"","_seopress_titles_desc":"","_seopress_robots_index":"","footnotes":""},"categories":[1],"tags":[],"class_list":["post-5152","post","type-post","status-publish","format-standard","has-post-thumbnail","hentry","category-coneix-la-realitat-virtual"],"_links":{"self":[{"href":"https:\/\/immersiumstudio.com\/ca\/wp-json\/wp\/v2\/posts\/5152","targetHints":{"allow":["GET"]}}],"collection":[{"href":"https:\/\/immersiumstudio.com\/ca\/wp-json\/wp\/v2\/posts"}],"about":[{"href":"https:\/\/immersiumstudio.com\/ca\/wp-json\/wp\/v2\/types\/post"}],"author":[{"embeddable":true,"href":"https:\/\/immersiumstudio.com\/ca\/wp-json\/wp\/v2\/users\/4"}],"replies":[{"embeddable":true,"href":"https:\/\/immersiumstudio.com\/ca\/wp-json\/wp\/v2\/comments?post=5152"}],"version-history":[{"count":0,"href":"https:\/\/immersiumstudio.com\/ca\/wp-json\/wp\/v2\/posts\/5152\/revisions"}],"wp:featuredmedia":[{"embeddable":true,"href":"https:\/\/immersiumstudio.com\/ca\/wp-json\/wp\/v2\/media\/4798"}],"wp:attachment":[{"href":"https:\/\/immersiumstudio.com\/ca\/wp-json\/wp\/v2\/media?parent=5152"}],"wp:term":[{"taxonomy":"category","embeddable":true,"href":"https:\/\/immersiumstudio.com\/ca\/wp-json\/wp\/v2\/categories?post=5152"},{"taxonomy":"post_tag","embeddable":true,"href":"https:\/\/immersiumstudio.com\/ca\/wp-json\/wp\/v2\/tags?post=5152"}],"curies":[{"name":"wp","href":"https:\/\/api.w.org\/{rel}","templated":true}]}}