{"id":4602,"date":"2023-12-11T12:14:33","date_gmt":"2023-12-11T10:14:33","guid":{"rendered":"https:\/\/immersiumstudio.com\/blog\/luis-villarejo-participara-en-el-i-congreso-de-inteligencia-artificial\/"},"modified":"2024-09-02T15:46:17","modified_gmt":"2024-09-02T13:46:17","slug":"luis-villarejo-participara-en-el-i-congreso-de-inteligencia-artificial","status":"publish","type":"post","link":"https:\/\/immersiumstudio.com\/ca\/blog\/luis-villarejo-participara-en-el-i-congreso-de-inteligencia-artificial\/","title":{"rendered":"Llu\u00eds Villarejo participar\u00e0 en el I Congr\u00e9s d&#8217;Intel.lig\u00e8ncia Artificial"},"content":{"rendered":"\n<p><\/p>\n\n\n\n<h2 class=\"wp-block-heading\">Llu\u00eds Villarejo participar\u00e0 en el I Congr\u00e9s d&#8217;Intelig\u00e8ncia Artificial en la millora de la salut de les persones amb discapacitat organitzat per Impulsa igualtat<\/h2>\n\n\n\n<div style=\"height:50px\" aria-hidden=\"true\" class=\"wp-block-spacer\"><\/div>\n\n\n\n<p>El <a href=\"https:\/\/www.impulsaigualdad.org\/predif_noticia\/marta-del-amo-abrira-el-i-congreso-de-ia-y-salud-de-las-personas-con-discapacidad\/\"><strong>I Congr\u00e9s d&#8217;Intel.lig\u00e8ncia Artificial<\/strong><\/a> en la millora de la salut de les persones amb discapacitat, \u00e9s un congr\u00e9s organitzat per <a href=\"https:\/\/www.impulsaigualdad.org\/\">Impulsa Igualtat<\/a>, que tindr\u00e0 lloc el proper dia 13 de desembre de 2023 a <strong>Madrid<\/strong>. Aquest congr\u00e9s \u00e9s una cita amb la innovaci\u00f3 per con\u00e8ixer com la IA i les <strong>tecnologies immersives<\/strong> s\u00f3n aqu\u00ed millorar la vida i la salut de les persones amb discapacitat.<\/p>\n\n\n\n<figure class=\"wp-block-image size-large\"><img loading=\"lazy\" decoding=\"async\" width=\"1024\" height=\"461\" src=\"https:\/\/immersiumstudio.com\/wp-content\/uploads\/2023\/12\/i-congreso-ia-y-discapacidad-noticia-web-1-1024x461.png\" alt=\"\" class=\"wp-image-3623\" srcset=\"https:\/\/immersiumstudio.com\/wp-content\/uploads\/2023\/12\/i-congreso-ia-y-discapacidad-noticia-web-1-1024x461.png 1024w, https:\/\/immersiumstudio.com\/wp-content\/uploads\/2023\/12\/i-congreso-ia-y-discapacidad-noticia-web-1-300x135.png 300w, https:\/\/immersiumstudio.com\/wp-content\/uploads\/2023\/12\/i-congreso-ia-y-discapacidad-noticia-web-1-768x346.png 768w, https:\/\/immersiumstudio.com\/wp-content\/uploads\/2023\/12\/i-congreso-ia-y-discapacidad-noticia-web-1-1536x691.png 1536w, https:\/\/immersiumstudio.com\/wp-content\/uploads\/2023\/12\/i-congreso-ia-y-discapacidad-noticia-web-1.png 1600w\" sizes=\"auto, (max-width: 1024px) 100vw, 1024px\" \/><\/figure>\n\n\n<p style=\"text-align: center;\"><img loading=\"lazy\" decoding=\"async\" class=\"\" src=\"https:\/\/immersiumstudio.com\/wp-content\/uploads\/2023\/12\/outlook-0dcnzqap.png\" width=\"567\" height=\"333\"><\/p>\n\n\n<div style=\"height:29px\" aria-hidden=\"true\" class=\"wp-block-spacer\"><\/div>\n\n\n\n<p><br>Des d&#8217;Immersium Studio, <strong>Llu\u00eds Villarejo <\/strong>participar\u00e0 en un <em>pitch desk<\/em> juntament amb altres projectes on apliquen la Intel\u00b7lig\u00e8ncia Artificial (IA) i les tecnologies immersives a l&#8217;\u00e0mbit sociosanitari. Entre les persones que hi participaran hi haur\u00e0 <strong>Mario Corrales<\/strong>, professor ajudant Doctor de l&#8217;Escola d&#8217;Enginyeria Inform\u00e0tica de la Universitat de Valladolid (UVa); Entorns de Computaci\u00f3 Avan\u00e7ada i Sistemes dInteracci\u00f3 Multimodal (ECA-SIMM); <strong>Manel Alcaide<\/strong>, CEO de Visualfy; <strong>Paula P\u00e9rez<\/strong>, responsable de Programes i Aliances de NeoCK; <strong>David L\u00f3pez<\/strong>, cient\u00edfic de dades de l&#8217;\u00e0rea de Salut de l&#8217;Institut d&#8217;Enginyeria del Coneixement (IIC) i <strong>Luca Mefisto<\/strong>, enginyer en Realitat Virtual a Recognition. Aquesta taula estar\u00e0 moderada per <strong>Myriam Arn\u00e1iz<\/strong>, directora de l&#8217;\u00e0rea d&#8217;Autonomia Personal i Vida Independent d&#8217;IMPULSA IGUALTAT.<\/p>\n\n\n\n<div style=\"height:42px\" aria-hidden=\"true\" class=\"wp-block-spacer\"><\/div>\n\n\n\n<p>Podeu veure i descarregar el programa complet del congr\u00e9s <a href=\"https:\/\/drive.google.com\/file\/d\/1LpV7r5xyPsdSMY8ZlbYyh46XC_HC2pOE\/view\">aqu\u00ed<\/a>. <\/p>\n\n\n\n<div style=\"height:18px\" aria-hidden=\"true\" class=\"wp-block-spacer\"><\/div>\n\n\n\n<p>Inscripci\u00f3 gratu\u00efta. Pots inscriure&#8217;t <a href=\"https:\/\/forms.office.com\/pages\/responsepage.aspx?id=QzS1g3AhTU-LWvSdPOEkV1kEk37sCsxHl1CYO3Qi9IZUQVlHWU5ERkdZVlJLODhSRzlEVVI3NVVGSy4u\">aqu\u00ed<\/a>. <\/p>\n\n\n\n<div style=\"height:105px\" aria-hidden=\"true\" class=\"wp-block-spacer\"><\/div>\n\n\n\n<p>Estem molt contents de participar en congressos on es tracta expl\u00edcitament sobre les millores que els aven\u00e7os tecnol\u00f2gics poden proporcionar a la societat. En aquest cas, l&#8217;aplicaci\u00f3 de la IA i les tecnologies immersives a l&#8217;\u00e0mbit sociosanitari poden ser molt \u00fatils per millorar la salut de les persones amb discapacitat.<\/p>\n\n\n\n<div style=\"height:141px\" aria-hidden=\"true\" class=\"wp-block-spacer\"><\/div>\n\n\n\n<h5 class=\"wp-block-heading\">A Immersium Studio som experts en l\u2019activitat educativa i corporativa del metavers. <a href=\"mailto:info@immersiumstudio.com\">Contacta<\/a> amb nosaltres si necessites ajuda per entrar i posicionar-te en ell.<\/h5>\n\n\n\n<h5 class=\"wp-block-heading\">Som experts en crear experi\u00e8ncies inoblidables d\u2019alt rigor pedag\u00f2gic. Explora noves realitats amb Immersium Studio i coneix com podem ajudar-te.<\/h5>\n\n\n\n<h5 class=\"wp-block-heading\"><a href=\"mailto:info@immersiumstudio.com\">info@immersiumstudio.com<\/a><\/h5>\n\n\n\n<div style=\"height:106px\" aria-hidden=\"true\" class=\"wp-block-spacer\"><\/div>\n","protected":false},"excerpt":{"rendered":"<p>Luis Villarejo participar\u00e1 en el I Congreso de Inteligencia Artificial en la mejora de la salud de las personas con discapacidad organizado por impulsa igualdad El I Congreso de Inteligencia Artificial en la mejora de la salud de las personas con discapacidad, es un congreso organizado por Impulsa Igualdad, que tendr\u00e1 lugar el pr\u00f3ximo d\u00eda [\u2026]<\/p>\n","protected":false},"author":4,"featured_media":3630,"comment_status":"closed","ping_status":"closed","sticky":false,"template":"","format":"standard","meta":{"_seopress_robots_primary_cat":"none","_seopress_titles_title":"","_seopress_titles_desc":"","_seopress_robots_index":"","footnotes":""},"categories":[97,106],"tags":[],"class_list":["post-4602","post","type-post","status-publish","format-standard","has-post-thumbnail","hentry","category-esdeveniments","category-realitat-estesa"],"_links":{"self":[{"href":"https:\/\/immersiumstudio.com\/ca\/wp-json\/wp\/v2\/posts\/4602","targetHints":{"allow":["GET"]}}],"collection":[{"href":"https:\/\/immersiumstudio.com\/ca\/wp-json\/wp\/v2\/posts"}],"about":[{"href":"https:\/\/immersiumstudio.com\/ca\/wp-json\/wp\/v2\/types\/post"}],"author":[{"embeddable":true,"href":"https:\/\/immersiumstudio.com\/ca\/wp-json\/wp\/v2\/users\/4"}],"replies":[{"embeddable":true,"href":"https:\/\/immersiumstudio.com\/ca\/wp-json\/wp\/v2\/comments?post=4602"}],"version-history":[{"count":0,"href":"https:\/\/immersiumstudio.com\/ca\/wp-json\/wp\/v2\/posts\/4602\/revisions"}],"wp:featuredmedia":[{"embeddable":true,"href":"https:\/\/immersiumstudio.com\/ca\/wp-json\/wp\/v2\/media\/3630"}],"wp:attachment":[{"href":"https:\/\/immersiumstudio.com\/ca\/wp-json\/wp\/v2\/media?parent=4602"}],"wp:term":[{"taxonomy":"category","embeddable":true,"href":"https:\/\/immersiumstudio.com\/ca\/wp-json\/wp\/v2\/categories?post=4602"},{"taxonomy":"post_tag","embeddable":true,"href":"https:\/\/immersiumstudio.com\/ca\/wp-json\/wp\/v2\/tags?post=4602"}],"curies":[{"name":"wp","href":"https:\/\/api.w.org\/{rel}","templated":true}]}}