{"id":3265,"date":"2023-06-20T14:30:36","date_gmt":"2023-06-20T12:30:36","guid":{"rendered":"https:\/\/immersiumstudio.com\/apple-presenta-sus-gafas-de-realidad-mixta-las-apple-vision-pro\/"},"modified":"2023-08-08T14:18:06","modified_gmt":"2023-08-08T12:18:06","slug":"apple-presenta-sus-gafas-de-realidad-mixta-las-apple-vision-pro","status":"publish","type":"post","link":"https:\/\/immersiumstudio.com\/ca\/blog\/apple-presenta-sus-gafas-de-realidad-mixta-las-apple-vision-pro\/","title":{"rendered":"Apple presenta les seves ulleres de Realitat Mixta, les Apple Vision Pro"},"content":{"rendered":"\n<p><\/p>\n\n\n\n<p><\/p>\n\n\n\n<p>Apple ha entrat en una nova categoria de producte amb la <a href=\"https:\/\/www.expansion.com\/economia-digital\/companias\/2023\/06\/05\/647e1a3ce5fdea5f198b45f5.html\">presentaci\u00f3 de les ulleres de Realitat Mixta Vision Pro<\/a>. El dispositiu costar\u00e0 3.499 d\u00f2lars i es posar\u00e0 a la venda a comen\u00e7aments del proper any als Estats Units, segons ha anunciat Tim Cook, conseller delegat de Apple, a la confer\u00e8ncia de desenvolupadors de la companyia. Apple no ha anunciat disponibilitat i preu per a altres mercats fora dels Estats Units.<\/p>\n\n\n\n<div style=\"height:40px\" aria-hidden=\"true\" class=\"wp-block-spacer\"><\/div>\n\n\n\n<figure class=\"wp-block-embed is-type-video is-provider-youtube wp-block-embed-youtube wp-embed-aspect-16-9 wp-has-aspect-ratio\"><div class=\"wp-block-embed__wrapper\">\nhttps:\/\/youtu.be\/TX9qSaGXFyg\n<\/div><\/figure>\n\n\n\n<div style=\"height:44px\" aria-hidden=\"true\" class=\"wp-block-spacer\"><\/div>\n\n\n\n<p>Aquesta primera generaci\u00f3 de les <strong>Vision Pro<\/strong> est\u00e0 dirigida a desenvolupadors i entusiastes de les novetats tecnol\u00f2giques. Les ulleres, en qu\u00e8 Apple fa set anys que treballa i atresoren m\u00e9s de 5.000 patents, s&#8217;enquadren en la categoria coneguda com a <strong>Realitat Mixta<\/strong>. El visor, amb dues pantalles d&#8217;alta definici\u00f3, permet viure experi\u00e8ncies de realitat virtual immersives. Per\u00f2, sobretot, es presenten com a dispositiu de <strong>Realitat Augmentada<\/strong> que desplega contingut digital sobre una vista del m\u00f3n real gr\u00e0cies a c\u00e0meres d&#8217;alta resoluci\u00f3 que mostren dins del visor l&#8217;entorn que envolta l&#8217;usuari. Les persones poden veure els ulls de l&#8217;usuari de les ulleres quan est\u00e0 en mode Realitat Augmentada, per\u00f2 s\u00f3n opaques per alg\u00fa que est\u00e0 en una experi\u00e8ncia virtual immersiva.<\/p>\n\n\n\n<p>Les <strong>Vision Pro d&#8217;Apple<\/strong> funcionen de manera aut\u00f2noma, i es controlen amb les mans, els ulls i la veu. El dispositiu utilitza dotze c\u00e0meres, sis micr\u00f2fons i diversos sensors, i ofereix una experi\u00e8ncia d&#8217;\u00e0udio espacial. Compten amb una bateria externa amb dues hores d&#8217;autonomia.<\/p>\n\n\n\n<p>Les Vision Pro, utilitzen un nou sistema operatiu denominat <strong>VisionOS<\/strong> i tindran una botiga d&#8217;aplicacions pr\u00f2pia, es podran emprar per comunicar-se, treballar, jugar o veure pel\u00b7l\u00edcules. Apple adaptar\u00e0 les <a href=\"https:\/\/www.xataka.com\/realidad-virtual-aumentada\/apple-va-serio-sus-gafas-realidad-mixta-prepara-avalancha-apps-para-su-lanzamiento-gurman\">aplicacions de tercers de l&#8217;iPad<\/a> perqu\u00e8 funcionin a realityOS. D&#8217;altra banda, optimitzar\u00e0 una llarga llista d&#8217;<strong>aplicacions pr\u00f2pies<\/strong>, com ara Calendari, Fitxers, Correu, Mapes, Missatges, Notes, Fotos, M\u00fasica, not\u00edcies, i dissenyar\u00e0 noves versions de Llibres i C\u00e0mera per llegir i fer fotos des del dispositiu.<\/p>\n\n\n\n<div style=\"height:88px\" aria-hidden=\"true\" class=\"wp-block-spacer\"><\/div>\n\n\n\n<p>Estem conven\u00e7uts que ulleres de Realitat Mixta com aquestes es faran servir cada vegada m\u00e9s en diferents \u00e0mbits, per aix\u00f2 \u00e9s important que firmes tan rellevants com Apple s&#8217;endinsin en aquesta tecnologia per apropar-la a poc a poc a l&#8217;usuari en usos recreatius a m\u00e9s dels industrials on el seu \u00fas \u00e9s m\u00e9s extens.<\/p>\n\n\n\n<div style=\"height:132px\" aria-hidden=\"true\" class=\"wp-block-spacer\"><\/div>\n\n\n\n<h5 class=\"wp-block-heading\">A Immersium Studio som experts en l\u2019activitat educativa i corporativa del metavers. <a href=\"info@immersiumstudio.com\">Contacta<\/a> amb nosaltres si necessites ajuda per entrar i posicionar-te en ell.<\/h5>\n\n\n\n<h5 class=\"wp-block-heading\">Som experts en crear experi\u00e8ncies inoblidables d\u2019alt rigor pedag\u00f2gic. Explora noves realitats amb Immersium Studio i coneix com podem ajudar-te.<\/h5>\n\n\n\n<h5 class=\"wp-block-heading\"><a href=\"mailto:info@immersiumstudio.com\">info@immersiumstudio.com<\/a><\/h5>\n","protected":false},"excerpt":{"rendered":"<p>Apple ha entrado en una nueva categor\u00eda de producto con la presentaci\u00f3n de las gafas de Realidad Mixta\u00a0Vision Pro. El dispositivo costar\u00e1\u00a03.499 d\u00f3lares\u00a0y se pondr\u00e1 a la venta a comienzos del pr\u00f3ximo a\u00f1o en Estados Unidos, seg\u00fan ha anunciado Tim Cook, consejero delegado de Apple, en la conferencia de desarrolladores de la compa\u00f1\u00eda. Apple no [\u2026]<\/p>\n","protected":false},"author":4,"featured_media":2949,"comment_status":"closed","ping_status":"closed","sticky":false,"template":"","format":"standard","meta":{"_seopress_robots_primary_cat":"none","_seopress_titles_title":"","_seopress_titles_desc":"","_seopress_robots_index":"","footnotes":""},"categories":[109,106],"tags":[],"class_list":["post-3265","post","type-post","status-publish","format-standard","has-post-thumbnail","hentry","category-capsules-formatives","category-realitat-estesa"],"_links":{"self":[{"href":"https:\/\/immersiumstudio.com\/ca\/wp-json\/wp\/v2\/posts\/3265","targetHints":{"allow":["GET"]}}],"collection":[{"href":"https:\/\/immersiumstudio.com\/ca\/wp-json\/wp\/v2\/posts"}],"about":[{"href":"https:\/\/immersiumstudio.com\/ca\/wp-json\/wp\/v2\/types\/post"}],"author":[{"embeddable":true,"href":"https:\/\/immersiumstudio.com\/ca\/wp-json\/wp\/v2\/users\/4"}],"replies":[{"embeddable":true,"href":"https:\/\/immersiumstudio.com\/ca\/wp-json\/wp\/v2\/comments?post=3265"}],"version-history":[{"count":0,"href":"https:\/\/immersiumstudio.com\/ca\/wp-json\/wp\/v2\/posts\/3265\/revisions"}],"wp:featuredmedia":[{"embeddable":true,"href":"https:\/\/immersiumstudio.com\/ca\/wp-json\/wp\/v2\/media\/2949"}],"wp:attachment":[{"href":"https:\/\/immersiumstudio.com\/ca\/wp-json\/wp\/v2\/media?parent=3265"}],"wp:term":[{"taxonomy":"category","embeddable":true,"href":"https:\/\/immersiumstudio.com\/ca\/wp-json\/wp\/v2\/categories?post=3265"},{"taxonomy":"post_tag","embeddable":true,"href":"https:\/\/immersiumstudio.com\/ca\/wp-json\/wp\/v2\/tags?post=3265"}],"curies":[{"name":"wp","href":"https:\/\/api.w.org\/{rel}","templated":true}]}}