{"id":1960,"date":"2022-11-03T13:40:57","date_gmt":"2022-11-03T11:40:57","guid":{"rendered":"https:\/\/immersiumstudio.com\/?p=1960"},"modified":"2022-11-03T13:42:04","modified_gmt":"2022-11-03T11:42:04","slug":"meta-llanca-les-quest-pro-les-ulleres-de-realitat-virtual-i-mixta-mes-avancades-del-mercat","status":"publish","type":"post","link":"https:\/\/immersiumstudio.com\/ca\/blog\/meta-llanca-les-quest-pro-les-ulleres-de-realitat-virtual-i-mixta-mes-avancades-del-mercat\/","title":{"rendered":"Meta llan\u00e7a les Quest Pro, les ulleres de Realitat Virtual i Mixta m\u00e9s avan\u00e7ades del mercat"},"content":{"rendered":"\n<p>Despr\u00e9s del canvi de Facebook a Meta, els desenvolupadors de<strong> Mark Zuckerberg<\/strong> han posat tots els seus esfor\u00e7os al \u201cProjecte Cambria\u201d per apostar pel <strong>metavers<\/strong>, en el qual les persones estaran interconnectades a trav\u00e9s d&#8217;<strong>espais digitals<\/strong>. Part d\u00b4aquests esfor\u00e7os s\u00b4han centrat en la creaci\u00f3 de Meta Quest Pro, unes <strong>ulleres de Realitat Virtual i Mixta<\/strong> <strong>d&#8217;alta gamma<\/strong>, que permetran brindar experi\u00e8ncies tant de <strong>Realitat Virtual<\/strong> com de <strong>Realitat Mixta i Augmentada<\/strong>.<\/p>\n\n\n\n<p><\/p>\n\n\n\n<p>Les Meta Quest Pro prenen com a punt de refer\u00e8ncia les Meta Quest 2, per\u00f2 de manera m\u00e9s sofisticada i moderna. Destaquen la incorporaci\u00f3 de sensors capa\u00e7os de rastrejar els moviments d&#8217;ulls i cap, cosa que pot ser molt \u00fatil al metavers per replicar els moviments d&#8217;un avatar o per saber on mira l&#8217;usuari en experi\u00e8ncies formatives i enriquir aix\u00ed el feedback que obtenim. Tamb\u00e9 compten amb sensors d&#8217;alta resoluci\u00f3 per a experi\u00e8ncies de Realitat Mixta, integrant c\u00e0meres exteriors per capturar el que succeeix a l&#8217;exterior i permetre tamb\u00e9 la Realitat Augmentada mitjan\u00e7ant pantalles LCD n\u00edtides.<\/p>\n\n\n\n<div style=\"height:35px\" aria-hidden=\"true\" class=\"wp-block-spacer\"><\/div>\n\n\n\n<p>En aquest <a href=\"https:\/\/www.youtube.com\/watch?v=7UvfmvMU3Vc\">video<\/a> pots veure com s\u00f3n les noves Meta Quest Pro.<\/p>\n\n\n\n<p><\/p>\n\n\n\n<figure class=\"wp-block-embed is-type-video is-provider-youtube wp-block-embed-youtube wp-embed-aspect-16-9 wp-has-aspect-ratio\"><div class=\"wp-block-embed__wrapper\">\n<iframe loading=\"lazy\" title=\"Introducing Meta Quest Pro\" width=\"500\" height=\"281\" src=\"https:\/\/www.youtube.com\/embed\/7UvfmvMU3Vc?feature=oembed\" frameborder=\"0\" allow=\"accelerometer; autoplay; clipboard-write; encrypted-media; gyroscope; picture-in-picture; web-share\" referrerpolicy=\"strict-origin-when-cross-origin\" allowfullscreen><\/iframe>\n<\/div><\/figure>\n\n\n\n<div style=\"height:37px\" aria-hidden=\"true\" class=\"wp-block-spacer\"><\/div>\n\n\n\n<p>Segons ha informat Meta en la presentaci\u00f3 del dispositiu, les noves ulleres comen\u00e7aran a distribuir-se el pr\u00f2xim 25 d&#8217;octubre per 1.800 euros.\u00a0<\/p>\n\n\n\n<div style=\"height:36px\" aria-hidden=\"true\" class=\"wp-block-spacer\"><\/div>\n\n\n\n<p>Les <strong>ulleres de Realitat Virtual <\/strong>s&#8217;han anat millorant a poc a poc, fent-les cada vegada m\u00e9s lleugeres, i incorporant m\u00e9s sensors de moviment, reconeixement facial, reconeixement per veu, cosa que permetr\u00e0 m\u00e9s facilitat per entrar al <strong>metavers<\/strong> i on <strong>experi\u00e8ncies immersives<\/strong> com les que creem a <strong>Immersium Studio<\/strong> ajuden cada vegada m\u00e9s gent a millorar els seus coneixements i habilitats comunicatives tant en corporacions, institucions educatives, en salut, en el sector social i en diferents \u00e0mbits. Tamb\u00e9 hi ha una tend\u00e8ncia a aprofitar les ulleres de Realitat Virtual per <strong>incorporar experi\u00e8ncies de Realitat Mixta<\/strong>, que com el lector sap \u00e9s una <strong>versi\u00f3 vitaminada de la Realitat Augmentada<\/strong>. Aquest fet \u00e9s un gran encert des del nostre punt de vista perqu\u00e8 ofereix a l&#8217;usuari molta m\u00e9s riquesa en els usos que el dispositiu ofereix.<\/p>\n\n\n\n<div style=\"height:41px\" aria-hidden=\"true\" class=\"wp-block-spacer\"><\/div>\n\n\n\n<p>Llegeix m\u00e9s informaci\u00f3n de les Meta Quest Pro aqu\u00ed:<\/p>\n\n\n\n<ul class=\"wp-block-list\"><li><a href=\"https:\/\/elpais.com\/tecnologia\/2022-10-11\/meta-lanza-las-quest-pro-las-gafas-de-realidad-mixta-que-popularizaran-el-metaverso.html\">https:\/\/elpais.com\/tecnologia\/2022-10-11\/meta-lanza-las-quest-pro-las-gafas-de-realidad-mixta-que-popularizaran-el-metaverso.html<\/a><\/li><li><a href=\"https:\/\/www.20minutos.es\/tecnologia\/moviles-dispositivos\/meta-lanza-por-1-800-euros-las-quest-pro-las-gafas-de-realidad-mixta-mas-avanzadas-del-mercado-5068283\/\">https:\/\/www.20minutos.es\/tecnologia\/moviles-dispositivos\/meta-lanza-por-1-800-euros-las-quest-pro-las-gafas-de-realidad-mixta-mas-avanzadas-del-mercado-5068283\/<\/a><\/li><li><a href=\"https:\/\/hipertextual.com\/2022\/10\/meta-quest-caracteristicas-precio-fecha-lanzamiento\">https:\/\/hipertextual.com\/2022\/10\/meta-quest-caracteristicas-precio-fecha-lanzamiento<\/a><\/li><\/ul>\n\n\n\n<div style=\"height:100px\" aria-hidden=\"true\" class=\"wp-block-spacer\"><\/div>\n\n\n\n<h5 class=\"wp-block-heading\">A Immersium Studio som experts en l&#8217;activitat educativa i corporativa del metavers. <a href=\"mailto:info@immersiumstudio.com\">Contacta<\/a> amb nosaltres si necessites ajuda per entrar i posicionar-te en ell.<\/h5>\n\n\n\n<h5 class=\"wp-block-heading\">Som experts en crear experi\u00e8ncies inoblidables d&#8217;alt rigor pedag\u00f2gic. <a href=\"mailto:info@immersiumstudio.com\">Explora<\/a> noves realitats amb Immersium Studio, i coneix com podem ajudar-te.<\/h5>\n\n\n\n<h5 class=\"wp-block-heading\">info@immersiumstudio.com<\/h5>\n","protected":false},"excerpt":{"rendered":"<p>Despr\u00e9s del canvi de Facebook a Meta, els desenvolupadors de Mark Zuckerberg han posat tots els seus esfor\u00e7os al \u201cProjecte Cambria\u201d per apostar pel metavers, en el qual les persones estaran interconnectades a trav\u00e9s d&#8217;espais digitals. Part d\u00b4aquests esfor\u00e7os s\u00b4han centrat en la creaci\u00f3 de Meta Quest Pro, unes ulleres de Realitat Virtual i Mixta [&hellip;]<\/p>\n","protected":false},"author":4,"featured_media":1954,"comment_status":"closed","ping_status":"closed","sticky":false,"template":"","format":"standard","meta":{"_seopress_robots_primary_cat":"none","_seopress_titles_title":"","_seopress_titles_desc":"","_seopress_robots_index":"","footnotes":""},"categories":[109,106],"tags":[],"class_list":["post-1960","post","type-post","status-publish","format-standard","has-post-thumbnail","hentry","category-capsules-formatives","category-realitat-estesa"],"_links":{"self":[{"href":"https:\/\/immersiumstudio.com\/ca\/wp-json\/wp\/v2\/posts\/1960","targetHints":{"allow":["GET"]}}],"collection":[{"href":"https:\/\/immersiumstudio.com\/ca\/wp-json\/wp\/v2\/posts"}],"about":[{"href":"https:\/\/immersiumstudio.com\/ca\/wp-json\/wp\/v2\/types\/post"}],"author":[{"embeddable":true,"href":"https:\/\/immersiumstudio.com\/ca\/wp-json\/wp\/v2\/users\/4"}],"replies":[{"embeddable":true,"href":"https:\/\/immersiumstudio.com\/ca\/wp-json\/wp\/v2\/comments?post=1960"}],"version-history":[{"count":0,"href":"https:\/\/immersiumstudio.com\/ca\/wp-json\/wp\/v2\/posts\/1960\/revisions"}],"wp:featuredmedia":[{"embeddable":true,"href":"https:\/\/immersiumstudio.com\/ca\/wp-json\/wp\/v2\/media\/1954"}],"wp:attachment":[{"href":"https:\/\/immersiumstudio.com\/ca\/wp-json\/wp\/v2\/media?parent=1960"}],"wp:term":[{"taxonomy":"category","embeddable":true,"href":"https:\/\/immersiumstudio.com\/ca\/wp-json\/wp\/v2\/categories?post=1960"},{"taxonomy":"post_tag","embeddable":true,"href":"https:\/\/immersiumstudio.com\/ca\/wp-json\/wp\/v2\/tags?post=1960"}],"curies":[{"name":"wp","href":"https:\/\/api.w.org\/{rel}","templated":true}]}}